{"id":13691,"date":"2024-02-23T10:13:32","date_gmt":"2024-02-23T13:13:32","guid":{"rendered":"https:\/\/www.visionweb.com.ar\/?p=13691"},"modified":"2024-02-23T10:13:32","modified_gmt":"2024-02-23T13:13:32","slug":"lanus-ayuda-escolar-de-100-000-al-personal-municipal","status":"publish","type":"post","link":"https:\/\/www.visionweb.com.ar\/?p=13691","title":{"rendered":"Lan\u00fas: Ayuda escolar de $100.000 al personal municipal"},"content":{"rendered":"<p><strong><em>Lan\u00fas Gobierno anunci\u00f3 el pago de $ 100.000 en concepto de ayuda escolar por hija\/o a los trabajadores y trabajadoras municipales.<\/em><\/strong><!--more--><img loading=\"lazy\" decoding=\"async\" class=\"size-medium wp-image-4575 alignright\" src=\"https:\/\/www.visionweb.com.ar\/wp-content\/uploads\/2022\/02\/clases-1-300x215.png\" alt=\"\" width=\"300\" height=\"215\" srcset=\"https:\/\/www.visionweb.com.ar\/wp-content\/uploads\/2022\/02\/clases-1-300x215.png 300w, https:\/\/www.visionweb.com.ar\/wp-content\/uploads\/2022\/02\/clases-1.png 734w\" sizes=\"auto, (max-width: 300px) 100vw, 300px\" \/>El municipio de Lan\u00fas anunci\u00f3 el pago de $ 100.000 en concepto de ayuda escolar por hija\/o a los trabajadores y trabajadoras municipales.<\/p>\n<p>El refuerzo ser\u00e1 abonado por la comuna a sus trabajadores en dos tramos. El primer tramo de\u00a0 $70.000, se har\u00e1 efectivo este viernes, mientras que los $30.000 restantes se depositar\u00e1 3 de marzo.<\/p>\n<p>\u201cEl Gobierno Nacional de Javier Milei castiga a la familia municipal al excluir a los y las trabajadoras en el pago de la ayuda escolar\u00bb, aseguraron desde el municipio.<\/p>\n<p>En ese sentido\u00a0 \u00abdesde Lan\u00fas Gobierno vamos a garantizar con fondos propios el acceso a este derecho tan importante.\u201d, expres\u00f3 la comuna en sus redes sociales(VW).<\/p>\n<p>&nbsp;<\/p>\n","protected":false},"excerpt":{"rendered":"<p>Lan\u00fas Gobierno anunci\u00f3 el pago de $ 100.000 en concepto de ayuda escolar por hija\/o a los trabajadores y trabajadoras municipales.<\/p>\n","protected":false},"author":3,"featured_media":2480,"comment_status":"closed","ping_status":"closed","sticky":false,"template":"","format":"standard","meta":{"_monsterinsights_skip_tracking":false,"_monsterinsights_sitenote_active":false,"_monsterinsights_sitenote_note":"","_monsterinsights_sitenote_category":0,"footnotes":""},"categories":[3,8],"tags":[2217,5715,19],"class_list":["post-13691","post","type-post","status-publish","format-standard","has-post-thumbnail","hentry","category-actualidad","category-interes-general","tag-ayuda","tag-escolar","tag-lanus"],"_links":{"self":[{"href":"https:\/\/www.visionweb.com.ar\/index.php?rest_route=\/wp\/v2\/posts\/13691","targetHints":{"allow":["GET"]}}],"collection":[{"href":"https:\/\/www.visionweb.com.ar\/index.php?rest_route=\/wp\/v2\/posts"}],"about":[{"href":"https:\/\/www.visionweb.com.ar\/index.php?rest_route=\/wp\/v2\/types\/post"}],"author":[{"embeddable":true,"href":"https:\/\/www.visionweb.com.ar\/index.php?rest_route=\/wp\/v2\/users\/3"}],"replies":[{"embeddable":true,"href":"https:\/\/www.visionweb.com.ar\/index.php?rest_route=%2Fwp%2Fv2%2Fcomments&post=13691"}],"version-history":[{"count":1,"href":"https:\/\/www.visionweb.com.ar\/index.php?rest_route=\/wp\/v2\/posts\/13691\/revisions"}],"predecessor-version":[{"id":13694,"href":"https:\/\/www.visionweb.com.ar\/index.php?rest_route=\/wp\/v2\/posts\/13691\/revisions\/13694"}],"wp:featuredmedia":[{"embeddable":true,"href":"https:\/\/www.visionweb.com.ar\/index.php?rest_route=\/wp\/v2\/media\/2480"}],"wp:attachment":[{"href":"https:\/\/www.visionweb.com.ar\/index.php?rest_route=%2Fwp%2Fv2%2Fmedia&parent=13691"}],"wp:term":[{"taxonomy":"category","embeddable":true,"href":"https:\/\/www.visionweb.com.ar\/index.php?rest_route=%2Fwp%2Fv2%2Fcategories&post=13691"},{"taxonomy":"post_tag","embeddable":true,"href":"https:\/\/www.visionweb.com.ar\/index.php?rest_route=%2Fwp%2Fv2%2Ftags&post=13691"}],"curies":[{"name":"wp","href":"https:\/\/api.w.org\/{rel}","templated":true}]}}