{"id":13687,"date":"2024-02-23T09:46:04","date_gmt":"2024-02-23T12:46:04","guid":{"rendered":"https:\/\/www.visionweb.com.ar\/?p=13687"},"modified":"2024-02-23T09:46:04","modified_gmt":"2024-02-23T12:46:04","slug":"inadi-personal-del-ministerio-de-justicia-se-encargara-de-las-tareas-del-instituto","status":"publish","type":"post","link":"https:\/\/www.visionweb.com.ar\/?p=13687","title":{"rendered":"INADI: Personal del Ministerio de Justicia se encargar\u00e1 de las tareas del instituto"},"content":{"rendered":"<p><strong><em>A trav\u00e9s de un comunicado la cartera de Justicia confirm\u00f3 el cierre del INADI. Aseguran que mantendr\u00e1n al \u201cpersonal id\u00f3neo\u201d.<\/em><\/strong><strong> <em>\u201cRespetaremos y ordenaremos todo lo concerniente a un derecho tan importante como es la no discriminaci\u00f3n\u201d, dijo<\/em> <em>C\u00faneo Libarona. <\/em><\/strong><!--more--><\/p>\n<p><strong><img loading=\"lazy\" decoding=\"async\" class=\"size-medium wp-image-13688 alignright\" src=\"https:\/\/www.visionweb.com.ar\/wp-content\/uploads\/2024\/02\/Inadi-cierre-300x265.png\" alt=\"\" width=\"300\" height=\"265\" srcset=\"https:\/\/www.visionweb.com.ar\/wp-content\/uploads\/2024\/02\/Inadi-cierre-300x265.png 300w, https:\/\/www.visionweb.com.ar\/wp-content\/uploads\/2024\/02\/Inadi-cierre.png 406w\" sizes=\"auto, (max-width: 300px) 100vw, 300px\" \/>\u00a0\u00a0 E<\/strong>l<strong> Ministerio de Justicia de la Naci\u00f3n <\/strong>confirm\u00f3 a trav\u00e9s de un comunicado <strong>el cierre del Instituto Nacional contra la Discriminaci\u00f3n, la Xenofobia y el Racismo (Inadi) y se\u00f1al\u00f3 que las funciones que cumpl\u00eda este organismo se seguir\u00e1n llevando a cabo desde la cartera.<\/strong><\/p>\n<p><strong>\u201cLas funciones que cumpl\u00eda el Inadi se llevar\u00e1n a cabo a trav\u00e9s del Ministerio de Justicia que cuenta con personal preparado para realizar eficazmente la tarea<\/strong>\u201d, se\u00f1al\u00f3 la cartera que conduce Mariano C\u00faneo Libarona.<\/p>\n<p>El Gobierno nacional dispuso ayer el cierre del organismo contra la discriminaci\u00f3n y<strong> advirti\u00f3 que es el primero de diferentes espacios que ser\u00e1n eliminados. \u201cNo sirven para absolutamente nada\u201d<\/strong>, dijo el vocero presidencial Manuel Adorni.<\/p>\n<p>El Inadi se cre\u00f3 en 1995 tras la sanci\u00f3n de la Ley 24.515 y comenz\u00f3 a funcionar en 1997. Actualmente se encuentra bajo la \u00f3rbita del Ministerio de Justicia.<\/p>\n<p>En el comunicado difundido por Justicia se se\u00f1al\u00f3 que<strong> \u201cel personal id\u00f3neo que trabaja en el Inadi y que realiza con responsabilidad y compromiso su trabajo, ser\u00e1 transferido al Ministerio donde trabajaran con orden, seriedad e idoneidad\u201d.<\/strong><\/p>\n<p>El comunicado tambi\u00e9n indica que \u201cel Inadi fue <strong>creado por ley<\/strong> y conforme convenciones internacionales, por lo tanto, <strong>su supresi\u00f3n se har\u00e1 de la manera que corresponda de acuerdo a la legislaci\u00f3n vigente\u201d, <\/strong>por lo que se entiende que<strong> se deber\u00e1 sancionar una ley para avanzar con el cierre del organismo. \u00a0<\/strong><\/p>\n<p><strong>C\u00faneo Libarona sostuvo que \u201crespetaremos y ordenaremos todo lo concerniente a un derecho tan importante como es la no discriminaci\u00f3n, ya elaboramos un protocolo de actuaci\u00f3n e investigaci\u00f3n y el r\u00e9gimen de educaci\u00f3n general y capacitaci\u00f3n que establecen las leyes\u201d, difundi\u00f3 la cartera de Justicia. <\/strong><\/p>\n<p>A la vez, la cartera remarc\u00f3 que el INADI\u00a0<strong>\u201ccontaba con una superestructura que no aseguraba que su trabajo fuera eficiente, por ejemplo ten\u00eda 7.000 expedientes sin tr\u00e1mite ni resoluci\u00f3n, y en los \u00faltimos dos meses se resolvieron 2.000 de ellos\u201d.<\/strong><\/p>\n<p>\u201c<strong>En relaci\u00f3n con el recorte de gastos en el organismo, la cartera de Justicia ya redujo el personal<\/strong>\u00a0(de 430 a 355) y los sueldos y adem\u00e1s se pidi\u00f3 la renuncia a todos los delegados\u201d.<\/p>\n<p>\u201cTambi\u00e9n <strong>se redujo la cantidad de alquileres in\u00fatiles, concebidos con fines pol\u00edticos<\/strong>, ajenos a la tarea del organismo, y rescindimos distintas contrataciones. Todo esto redundar\u00e1 en un ahorro para el Estado y la sociedad\u201d, detall\u00f3 el comunicado.<strong> (VW)\u00a0<\/strong><\/p>\n","protected":false},"excerpt":{"rendered":"<p>A trav\u00e9s de un comunicado la cartera de Justicia confirm\u00f3 el cierre del INADI. Aseguran que mantendr\u00e1n al \u201cpersonal id\u00f3neo\u201d. \u201cRespetaremos y ordenaremos todo lo concerniente a un derecho tan importante como es la&#46;&#46;&#46;<\/p>\n","protected":false},"author":4,"featured_media":13688,"comment_status":"closed","ping_status":"closed","sticky":false,"template":"","format":"standard","meta":{"_monsterinsights_skip_tracking":false,"_monsterinsights_sitenote_active":false,"_monsterinsights_sitenote_note":"","_monsterinsights_sitenote_category":0,"footnotes":""},"categories":[4],"tags":[714,5244,303,5712],"class_list":["post-13687","post","type-post","status-publish","format-standard","has-post-thumbnail","hentry","category-politica","tag-cierre","tag-cuneo-libarona","tag-inadi","tag-ministerio-de-justicia"],"_links":{"self":[{"href":"https:\/\/www.visionweb.com.ar\/index.php?rest_route=\/wp\/v2\/posts\/13687","targetHints":{"allow":["GET"]}}],"collection":[{"href":"https:\/\/www.visionweb.com.ar\/index.php?rest_route=\/wp\/v2\/posts"}],"about":[{"href":"https:\/\/www.visionweb.com.ar\/index.php?rest_route=\/wp\/v2\/types\/post"}],"author":[{"embeddable":true,"href":"https:\/\/www.visionweb.com.ar\/index.php?rest_route=\/wp\/v2\/users\/4"}],"replies":[{"embeddable":true,"href":"https:\/\/www.visionweb.com.ar\/index.php?rest_route=%2Fwp%2Fv2%2Fcomments&post=13687"}],"version-history":[{"count":1,"href":"https:\/\/www.visionweb.com.ar\/index.php?rest_route=\/wp\/v2\/posts\/13687\/revisions"}],"predecessor-version":[{"id":13689,"href":"https:\/\/www.visionweb.com.ar\/index.php?rest_route=\/wp\/v2\/posts\/13687\/revisions\/13689"}],"wp:featuredmedia":[{"embeddable":true,"href":"https:\/\/www.visionweb.com.ar\/index.php?rest_route=\/wp\/v2\/media\/13688"}],"wp:attachment":[{"href":"https:\/\/www.visionweb.com.ar\/index.php?rest_route=%2Fwp%2Fv2%2Fmedia&parent=13687"}],"wp:term":[{"taxonomy":"category","embeddable":true,"href":"https:\/\/www.visionweb.com.ar\/index.php?rest_route=%2Fwp%2Fv2%2Fcategories&post=13687"},{"taxonomy":"post_tag","embeddable":true,"href":"https:\/\/www.visionweb.com.ar\/index.php?rest_route=%2Fwp%2Fv2%2Ftags&post=13687"}],"curies":[{"name":"wp","href":"https:\/\/api.w.org\/{rel}","templated":true}]}}