{"id":13685,"date":"2024-02-23T09:31:05","date_gmt":"2024-02-23T12:31:05","guid":{"rendered":"https:\/\/www.visionweb.com.ar\/?p=13685"},"modified":"2024-02-23T09:31:05","modified_gmt":"2024-02-23T12:31:05","slug":"se-firmo-la-revision-de-la-paritaria-mercantil","status":"publish","type":"post","link":"https:\/\/www.visionweb.com.ar\/?p=13685","title":{"rendered":"Se firm\u00f3 la revisi\u00f3n de la paritaria mercantil"},"content":{"rendered":"<p><em><strong>Se acord\u00f3 un aumento no remunerativo de 17,6% para febrero, tomando como base para su determinaci\u00f3n el mes de diciembre -con todos sus montos remunerativos y no remunerativos- m\u00e1s un ajuste de 11%.<\/strong><\/em><!--more--><\/p>\n<p><img loading=\"lazy\" decoding=\"async\" class=\"size-full wp-image-4406 alignright\" src=\"https:\/\/www.visionweb.com.ar\/wp-content\/uploads\/2022\/02\/comercios.bmp\" alt=\"\" width=\"477\" height=\"337\" \/>El gremio de comercio acord\u00f3 un\u00a0incremento de los b\u00e1sicos de 17,6% desde febrero de 2024.<\/p>\n<p>Se tom\u00f3 como base de c\u00e1lculo, las remuneraciones b\u00e1sicas convencionales equivalentes a las correspondientes al mes de diciembre de 2023,<\/p>\n<p>El convenio incluy\u00f3 la incorporaci\u00f3n de las sumas no remunerativas hasta dicha fecha, con m\u00e1s un porcentual del 11 % remunerativo.<\/p>\n<p>El acuerdo fue rubricado por la C\u00e1mara Argentina de Comercio y Servicios (CAC), la Confederaci\u00f3n Argentina de la Mediana Empresa (CAME), la Uni\u00f3n de Entidades Comerciales Argentinas (UDECA) y la Federaci\u00f3n Argentina de Empleados de Comercio y Servicios (FAECyS), en el marco de la paritaria 2023 para la actividad mercantil.<\/p>\n<div class=\"noticia-contenido w-richtext\">\n<p>Se acord\u00f3 un El monto no remunerativo mencionado se incorporar\u00e1 a las escalas del mes de abril de 2024, por su valor nominal, se\u00f1alo la CAC en un comunicado de prensa.<\/p>\n<p>Lo pactado tiene vigencia desde el 1\u00b0 de febrero de 2024 y hasta el 31 de marzo de 2024, sin perjuicio de lo cual las partes se comprometieron a reunirse en el mes de marzo de 2024 para analizar las variaciones econ\u00f3micas que pudieran haber ocurrido.<\/p>\n<p>Se aclara que los incrementos del acuerdo en cuesti\u00f3n no son vinculantes para los acuerdos salariales que pudieran suscribirse en el \u00e1mbito de la ciudad de R\u00edo Grande, provincia de Tierra del Fuego, sin perjuicio de que las sumas resultantes de los incrementos pactados constituyan el m\u00ednimo convencional vigente a partir de la homologaci\u00f3n.<\/p>\n<p>Cabe destacar que la presente revisi\u00f3n se da en el marco del compromiso de reuni\u00f3n durante el mes de febrero \u2013a iniciativa de cualquiera de las partes\u2013 para analizar lo pactado en el acuerdo del pasado 26 de enero ante las variaciones econ\u00f3micas registradas desde entonces, previsto en la cl\u00e1usula 5ta del mencionado entendimiento<strong>(VW)<\/strong>.<\/p>\n<\/div>\n<div class=\"banner-noticias\">\n<div class=\"w-dyn-list\">\n<div class=\"w-dyn-items\" role=\"list\">\n<div class=\"w-dyn-item\" role=\"listitem\"><\/div>\n<\/div>\n<\/div>\n<\/div>\n","protected":false},"excerpt":{"rendered":"<p>Se acord\u00f3 un aumento no remunerativo de 17,6% para febrero, tomando como base para su determinaci\u00f3n el mes de diciembre -con todos sus montos remunerativos y no remunerativos- m\u00e1s un ajuste de 11%.<\/p>\n","protected":false},"author":3,"featured_media":4406,"comment_status":"closed","ping_status":"closed","sticky":false,"template":"","format":"standard","meta":{"_monsterinsights_skip_tracking":false,"_monsterinsights_sitenote_active":false,"_monsterinsights_sitenote_note":"","_monsterinsights_sitenote_category":0,"footnotes":""},"categories":[749],"tags":[1748,172,254],"class_list":["post-13685","post","type-post","status-publish","format-standard","has-post-thumbnail","hentry","category-pymes","tag-cac","tag-comercio","tag-convenio"],"_links":{"self":[{"href":"https:\/\/www.visionweb.com.ar\/index.php?rest_route=\/wp\/v2\/posts\/13685","targetHints":{"allow":["GET"]}}],"collection":[{"href":"https:\/\/www.visionweb.com.ar\/index.php?rest_route=\/wp\/v2\/posts"}],"about":[{"href":"https:\/\/www.visionweb.com.ar\/index.php?rest_route=\/wp\/v2\/types\/post"}],"author":[{"embeddable":true,"href":"https:\/\/www.visionweb.com.ar\/index.php?rest_route=\/wp\/v2\/users\/3"}],"replies":[{"embeddable":true,"href":"https:\/\/www.visionweb.com.ar\/index.php?rest_route=%2Fwp%2Fv2%2Fcomments&post=13685"}],"version-history":[{"count":1,"href":"https:\/\/www.visionweb.com.ar\/index.php?rest_route=\/wp\/v2\/posts\/13685\/revisions"}],"predecessor-version":[{"id":13686,"href":"https:\/\/www.visionweb.com.ar\/index.php?rest_route=\/wp\/v2\/posts\/13685\/revisions\/13686"}],"wp:featuredmedia":[{"embeddable":true,"href":"https:\/\/www.visionweb.com.ar\/index.php?rest_route=\/wp\/v2\/media\/4406"}],"wp:attachment":[{"href":"https:\/\/www.visionweb.com.ar\/index.php?rest_route=%2Fwp%2Fv2%2Fmedia&parent=13685"}],"wp:term":[{"taxonomy":"category","embeddable":true,"href":"https:\/\/www.visionweb.com.ar\/index.php?rest_route=%2Fwp%2Fv2%2Fcategories&post=13685"},{"taxonomy":"post_tag","embeddable":true,"href":"https:\/\/www.visionweb.com.ar\/index.php?rest_route=%2Fwp%2Fv2%2Ftags&post=13685"}],"curies":[{"name":"wp","href":"https:\/\/api.w.org\/{rel}","templated":true}]}}