{"id":13683,"date":"2024-02-23T09:19:52","date_gmt":"2024-02-23T12:19:52","guid":{"rendered":"https:\/\/www.visionweb.com.ar\/?p=13683"},"modified":"2024-02-23T09:19:52","modified_gmt":"2024-02-23T12:19:52","slug":"suspenden-por-tres-meses-el-pago-de-22-501-planes-potenciar-trabajo","status":"publish","type":"post","link":"https:\/\/www.visionweb.com.ar\/?p=13683","title":{"rendered":"Suspenden por tres meses el pago de 22.501 planes Potenciar Trabajo"},"content":{"rendered":"<p><em><strong>Seg\u00fan los organismos oficiales, muchos por haberse comprobado viajes al exterior. Los beneficiarios \u201cno se condicen con el estado de alta vulnerabilidad social y econ\u00f3mica\u201d requerida para tener el programa.<\/strong><\/em> <!--more--><\/p>\n<p><strong><img loading=\"lazy\" decoding=\"async\" class=\"size-medium wp-image-13172 alignright\" src=\"https:\/\/www.visionweb.com.ar\/wp-content\/uploads\/2024\/01\/POTENCIAR-TRABAJO-300x207.png\" alt=\"\" width=\"300\" height=\"207\" srcset=\"https:\/\/www.visionweb.com.ar\/wp-content\/uploads\/2024\/01\/POTENCIAR-TRABAJO-300x207.png 300w, https:\/\/www.visionweb.com.ar\/wp-content\/uploads\/2024\/01\/POTENCIAR-TRABAJO.png 700w\" sizes=\"auto, (max-width: 300px) 100vw, 300px\" \/>El Gobierno nacional oficializ\u00f3 este viernes la suspensi\u00f3n del pago por tres meses a m\u00e1s de 22.000 beneficiarios del programa Potenciar Trabajo que hab\u00edan realizado viajes al exterior<\/strong>, seg\u00fan determin\u00f3 la justicia.<\/p>\n<p>As\u00ed qued\u00f3 establecido en la Resoluci\u00f3n 82\/2024, publicada en el Bolet\u00edn Oficial, que lleva la firma del secretario de Ni\u00f1ez, Adolescencia y Familia del Ministerio de Capital Humano, Pablo Mar\u00eda de la Torre.<\/p>\n<p>De la Torre, hermano de Joaqu\u00edn De la Torre, exintendente del partido bonaerense de San Miguel, analiz\u00f3 los\u00a0tres supuestos causales de quita del programa\u00a0que estableci\u00f3 el Gobierno y encontr\u00f3 que fueron incumplidos al menos uno en estos 22.501 casos.<\/p>\n<p><strong>Los tres supuestos para la suspensi\u00f3n del plan<\/strong>, cuyo monto es la mitad del salario m\u00ednimo, son: e<strong>n primer lugar,\u00a0que una persona haya realizado un viaje mayor a 30 d\u00edas a cualquier destino; en segundo lugar,\u00a0que el viaje haya sido en avi\u00f3n o crucero; y en tercer lugar, que el destino del viaje haya sido\u00a0fuera de Am\u00e9rica Latina<\/strong>.<\/p>\n<p>En tanto, se instruye a la Direcci\u00f3n General de Asuntos Jur\u00eddicos de la Secretar\u00eda Nacional de Ni\u00f1ez, Adolescencia y Familia del Ministerio de Capital Humano a \u201cnotificar la presente medida a la Unidad Fiscal para la Investigaci\u00f3n de Delitos relativos a la Seguridad Social (UFISeS) y a la Fiscal\u00eda Nacional en lo Criminal y Correccional Federal N\u00famero 8 de la Ciudad Aut\u00f3noma de Buenos Aires\u201d.<\/p>\n<p>Se trata de un total de 22.501 titulares del programa Potenciar Trabajo, que perdieron \u201csu condici\u00f3n de vulnerabilidad social\u201d teniendo en cuenta \u201cel volumen de los movimientos migratorios de cada beneficiario\u201d, se indica en los considerandos de la norma publicada hoy. El pago por el plan Potenciar Trabajo es la mitad que el Salario M\u00ednimo.<\/p>\n<p><strong>El proceso<\/strong><\/p>\n<p>Seg\u00fan se recuerda en el texto, el 5 de octubre de 2023 -durante la gesti\u00f3n anterior- la Unidad Fiscal para la Investigaci\u00f3n de Delitos relativos a la Seguridad Social (UFISeS) formul\u00f3 una denuncia contra los funcionarios responsables del otorgamiento y contralor del Programa Potenciar Trabajo y solicit\u00f3 la suspensi\u00f3n o baja de planes sociales de beneficiarios que registraban viajes al exterior.<\/p>\n<p>De esta manera qued\u00f3 radicada una causa por supuesto \u201cabuso de autoridad y violaci\u00f3n de los deberes de funcionario p\u00fablico\u201d en la secretar\u00eda Nro. 2 del Juzgado Federal Nro. 1, con intervenci\u00f3n de la Fiscal\u00eda Federal 5.<\/p>\n<p>Luego, el 22 de noviembre de 2023 se libr\u00f3 un oficio al entonces Ministerio de Desarrollo Social -que encabezaba Victoria Tolosa Paz- para \u201cdeterminar quienes se encuentran cumpliendo los requisitos de compatibilidad e incompatibilidad para ser beneficiario del mismo, as\u00ed como todos los datos personales y laborales de los responsables de dicha \u00e1rea, desde el d\u00eda de creaci\u00f3n del beneficio mencionado hasta la actualidad\u201d, una solicitud que fue reiterada el 28 de diciembre de 2023, ya con el nuevo gobierno.<\/p>\n<p>Seg\u00fan se detalla en la resoluci\u00f3n, el 9 de enero pasado, el ministerio realiz\u00f3 una presentaci\u00f3n en la Fiscal\u00eda Nacional en lo Criminal y Correccional Federal N\u00famero 8, de la ciudad, en donde \u201cse requiri\u00f3 autorizaci\u00f3n para el acceso a la Base de Datos del entrecruzamiento de los movimientos migratorios de los Beneficiarios del Potenciar Trabajo\u201d y la justicia libr\u00f3 un oficio autorizando el acceso al entrecruzamiento.<\/p>\n<p>En ese entrecruzamiento de datos, se analiz\u00f3 que los viajes detectados hayan sido \u201cmayor a 30 d\u00edas a cualquier destino, y\/o que el viaje haya sido en avi\u00f3n o crucero y\/o que el destino del viaje haya sido fuera de la regi\u00f3n de Latinoam\u00e9rica\u201d.<\/p>\n<p>La resoluci\u00f3n indica que los beneficiarios afectados pueden presentar un reclamo respaldado por la documentaci\u00f3n correspondiente, que ser\u00e1 evaluada por las autoridades. Si cumplido el plazo de tres meses desde la suspensi\u00f3n, no se present\u00f3 ning\u00fan reclamo, se resolver\u00e1 el egreso del programa social<strong>(VW)<\/strong>.<\/p>\n","protected":false},"excerpt":{"rendered":"<p>Seg\u00fan los organismos oficiales, muchos por haberse comprobado viajes al exterior. Los beneficiarios \u201cno se condicen con el estado de alta vulnerabilidad social y econ\u00f3mica\u201d requerida para tener el programa.<\/p>\n","protected":false},"author":3,"featured_media":13172,"comment_status":"closed","ping_status":"closed","sticky":false,"template":"","format":"standard","meta":{"_monsterinsights_skip_tracking":false,"_monsterinsights_sitenote_active":false,"_monsterinsights_sitenote_note":"","_monsterinsights_sitenote_category":0,"footnotes":""},"categories":[8],"tags":[445,5711,5710,2069],"class_list":["post-13683","post","type-post","status-publish","format-standard","has-post-thumbnail","hentry","category-interes-general","tag-gobierno","tag-personales","tag-requisitos","tag-resolucion"],"_links":{"self":[{"href":"https:\/\/www.visionweb.com.ar\/index.php?rest_route=\/wp\/v2\/posts\/13683","targetHints":{"allow":["GET"]}}],"collection":[{"href":"https:\/\/www.visionweb.com.ar\/index.php?rest_route=\/wp\/v2\/posts"}],"about":[{"href":"https:\/\/www.visionweb.com.ar\/index.php?rest_route=\/wp\/v2\/types\/post"}],"author":[{"embeddable":true,"href":"https:\/\/www.visionweb.com.ar\/index.php?rest_route=\/wp\/v2\/users\/3"}],"replies":[{"embeddable":true,"href":"https:\/\/www.visionweb.com.ar\/index.php?rest_route=%2Fwp%2Fv2%2Fcomments&post=13683"}],"version-history":[{"count":1,"href":"https:\/\/www.visionweb.com.ar\/index.php?rest_route=\/wp\/v2\/posts\/13683\/revisions"}],"predecessor-version":[{"id":13684,"href":"https:\/\/www.visionweb.com.ar\/index.php?rest_route=\/wp\/v2\/posts\/13683\/revisions\/13684"}],"wp:featuredmedia":[{"embeddable":true,"href":"https:\/\/www.visionweb.com.ar\/index.php?rest_route=\/wp\/v2\/media\/13172"}],"wp:attachment":[{"href":"https:\/\/www.visionweb.com.ar\/index.php?rest_route=%2Fwp%2Fv2%2Fmedia&parent=13683"}],"wp:term":[{"taxonomy":"category","embeddable":true,"href":"https:\/\/www.visionweb.com.ar\/index.php?rest_route=%2Fwp%2Fv2%2Fcategories&post=13683"},{"taxonomy":"post_tag","embeddable":true,"href":"https:\/\/www.visionweb.com.ar\/index.php?rest_route=%2Fwp%2Fv2%2Ftags&post=13683"}],"curies":[{"name":"wp","href":"https:\/\/api.w.org\/{rel}","templated":true}]}}