{"id":13675,"date":"2024-02-23T08:48:54","date_gmt":"2024-02-23T11:48:54","guid":{"rendered":"https:\/\/www.visionweb.com.ar\/?p=13675"},"modified":"2024-02-23T09:04:31","modified_gmt":"2024-02-23T12:04:31","slug":"clases-si-clases-no-ahora-cetera-anuncio-paro-nacional-para-el-lunes-pero-participara-de-la-reunion-por-paritarias-del-martes-convocada-por-el-gobierno","status":"publish","type":"post","link":"https:\/\/www.visionweb.com.ar\/?p=13675","title":{"rendered":"Clases s\u00ed, clases no: Ahora CETERA anunci\u00f3 paro nacional para el lunes"},"content":{"rendered":"<p><em><strong>Parece un juego pero se trata nada menos que de la educaci\u00f3n: Otra vez peligra el inicio de clases frente a un paro que decidi\u00f3 la Cetera para el pr\u00f3ximo lunes. Horas despu\u00e9s de que el Gobierno convocara a reuni\u00f3n por paritarias prevista para el martes 27.<\/strong><\/em><!--more--><\/p>\n<p><strong> <img loading=\"lazy\" decoding=\"async\" class=\"size-medium wp-image-13676 alignright\" src=\"https:\/\/www.visionweb.com.ar\/wp-content\/uploads\/2024\/02\/Cetera-congreso-extraord-300x171.png\" alt=\"\" width=\"300\" height=\"171\" srcset=\"https:\/\/www.visionweb.com.ar\/wp-content\/uploads\/2024\/02\/Cetera-congreso-extraord-300x171.png 300w, https:\/\/www.visionweb.com.ar\/wp-content\/uploads\/2024\/02\/Cetera-congreso-extraord.png 548w\" sizes=\"auto, (max-width: 300px) 100vw, 300px\" \/>\u00a0\u00a0 L<\/strong>a Confederaci\u00f3n de Trabajadores de la Educaci\u00f3n (CTERA) convoc\u00f3 en la tarde del jueves a\u00a0<strong>un paro docente que se llevar\u00e1 a cabo el pr\u00f3ximo lunes 26 de febrero<\/strong>, d\u00eda del inicio del ciclo lectivo en diez jurisdicciones del pa\u00eds, incluida la Ciudad Aut\u00f3noma de Buenos Aires.<\/p>\n<p>La medida de fuerza, que\u00a0<strong>incluir\u00e1 movilizaciones en todas las provincias<\/strong>, surgi\u00f3 como respuesta al reclamo de una paritaria nacional y en rechazo a la eliminaci\u00f3n del Fondo Nacional de Incentivo Docente (FNID) por parte del Gobierno nacional.<\/p>\n<p>El\u00a0<strong>FNID, que representa entre el 5 y el 15% del salario de los docentes,\u00a0<\/strong>es un componente crucial en la estructura salarial del sector y la decisi\u00f3n del Gobierno dejar de remitirlo a las provincias puso en alerta hace semanas a los trabajadores de la educaci\u00f3n.<\/p>\n<p>La resoluci\u00f3n de llevar a cabo un paro se tom\u00f3 en un congreso extraordinario de CTERA,\u00a0<strong>pocas horas despu\u00e9s de que el Gobierno convocara a discutir las paritarias el pr\u00f3ximo martes,\u00a0<\/strong>un d\u00eda despu\u00e9s del inicio previsto del ciclo lectivo en varias jurisdicciones.<\/p>\n<p>\u201c<strong>Se ha dilatado intencionalmente<\/strong>\u00a0la convocatoria a la reuni\u00f3n. Todos sab\u00edan cu\u00e1ndo se iniciaba el ciclo lectivo\u201d, se\u00f1al\u00f3 la titular de CTERA,\u00a0<strong>Sonia Alesso<\/strong>, en conferencia de prensa.<\/p>\n<p>Este anuncio de CTERA se produjo en un contexto en el que ya los otros cuatro gremios nacionales docentes (UDA, CEA, AMET y SADOP),<strong>\u00a0agrupados en la GCT, hab\u00edan decidido suspender la medida de fuerza que hab\u00edan previsto inicialmente,\u00a0<\/strong>tras la convocatoria del Gobierno a discutir el salario m\u00ednimo docente el martes 27.<\/p>\n<p>La decisi\u00f3n de estos gremios de pausar su acci\u00f3n directa contrast\u00f3 con la firmeza de Ctera en avanzar con el paro, evidenciando un panorama dividido entre los representantes del sector educativo.<\/p>\n<p>A pesar de la medida de fuerza, <strong>CTERA igual participar\u00e1 el pr\u00f3ximo martes de la reuni\u00f3n para discutir el salario m\u00ednimo docente<\/strong> con el secretario de Trabajo,\u00a0<strong>Omar Yasin<\/strong>; el secretario de Educaci\u00f3n,\u00a0<strong>Carlos Torrendell;<\/strong>\u00a0y los otros cuatro<strong>\u00a0<\/strong>gremios docentes nacionales (UDA, AMET, SADOP y CEA). <strong>(VW)<\/strong><\/p>\n","protected":false},"excerpt":{"rendered":"<p>Parece un juego pero se trata nada menos que de la educaci\u00f3n: Otra vez peligra el inicio de clases frente a un paro que decidi\u00f3 la Cetera para el pr\u00f3ximo lunes. Horas despu\u00e9s de&#46;&#46;&#46;<\/p>\n","protected":false},"author":4,"featured_media":13676,"comment_status":"closed","ping_status":"closed","sticky":false,"template":"","format":"standard","meta":{"_monsterinsights_skip_tracking":false,"_monsterinsights_sitenote_active":false,"_monsterinsights_sitenote_note":"","_monsterinsights_sitenote_category":0,"footnotes":""},"categories":[7,4],"tags":[5693,5636,5709],"class_list":["post-13675","post","type-post","status-publish","format-standard","has-post-thumbnail","hentry","category-educacion-y-cultura","category-politica","tag-cetera","tag-inicio-de-clases-2024","tag-paro-lunes-26"],"_links":{"self":[{"href":"https:\/\/www.visionweb.com.ar\/index.php?rest_route=\/wp\/v2\/posts\/13675","targetHints":{"allow":["GET"]}}],"collection":[{"href":"https:\/\/www.visionweb.com.ar\/index.php?rest_route=\/wp\/v2\/posts"}],"about":[{"href":"https:\/\/www.visionweb.com.ar\/index.php?rest_route=\/wp\/v2\/types\/post"}],"author":[{"embeddable":true,"href":"https:\/\/www.visionweb.com.ar\/index.php?rest_route=\/wp\/v2\/users\/4"}],"replies":[{"embeddable":true,"href":"https:\/\/www.visionweb.com.ar\/index.php?rest_route=%2Fwp%2Fv2%2Fcomments&post=13675"}],"version-history":[{"count":3,"href":"https:\/\/www.visionweb.com.ar\/index.php?rest_route=\/wp\/v2\/posts\/13675\/revisions"}],"predecessor-version":[{"id":13680,"href":"https:\/\/www.visionweb.com.ar\/index.php?rest_route=\/wp\/v2\/posts\/13675\/revisions\/13680"}],"wp:featuredmedia":[{"embeddable":true,"href":"https:\/\/www.visionweb.com.ar\/index.php?rest_route=\/wp\/v2\/media\/13676"}],"wp:attachment":[{"href":"https:\/\/www.visionweb.com.ar\/index.php?rest_route=%2Fwp%2Fv2%2Fmedia&parent=13675"}],"wp:term":[{"taxonomy":"category","embeddable":true,"href":"https:\/\/www.visionweb.com.ar\/index.php?rest_route=%2Fwp%2Fv2%2Fcategories&post=13675"},{"taxonomy":"post_tag","embeddable":true,"href":"https:\/\/www.visionweb.com.ar\/index.php?rest_route=%2Fwp%2Fv2%2Ftags&post=13675"}],"curies":[{"name":"wp","href":"https:\/\/api.w.org\/{rel}","templated":true}]}}