{"id":13670,"date":"2024-02-22T11:09:27","date_gmt":"2024-02-22T14:09:27","guid":{"rendered":"https:\/\/www.visionweb.com.ar\/?p=13670"},"modified":"2024-02-23T08:24:40","modified_gmt":"2024-02-23T11:24:40","slug":"virgen-robaron-la-corona-de-oro-de-la-rosa-mistica-en-la-plata","status":"publish","type":"post","link":"https:\/\/www.visionweb.com.ar\/?p=13670","title":{"rendered":"Virgen: Robaron la corona de la Rosa M\u00edstica en La Plata"},"content":{"rendered":"<p><em><strong>La comunidad de la parroquia Nuestra Se\u00f1ora de las Victorias consternada por el hecho.<\/strong> <strong>El padre Henry dio a conocer la noticia y le envi\u00f3 un mensaje al ladr\u00f3n: \u00abTe invito a que conf\u00edes en ella\u00bb. \u201cTe bendigo y espero que le devuelvas a la Virgen, lo que sus hijos le ofrecieron\u201d, dijo.<\/strong><\/em><!--more--><\/p>\n<div id=\"attachment_13671\" style=\"width: 310px\" class=\"wp-caption alignright\"><img loading=\"lazy\" decoding=\"async\" aria-describedby=\"caption-attachment-13671\" class=\"wp-image-13671 size-medium\" src=\"https:\/\/www.visionweb.com.ar\/wp-content\/uploads\/2024\/02\/virgen-mistica-de-la-plata-300x188.png\" alt=\"\" width=\"300\" height=\"188\" srcset=\"https:\/\/www.visionweb.com.ar\/wp-content\/uploads\/2024\/02\/virgen-mistica-de-la-plata-300x188.png 300w, https:\/\/www.visionweb.com.ar\/wp-content\/uploads\/2024\/02\/virgen-mistica-de-la-plata.png 507w\" sizes=\"auto, (max-width: 300px) 100vw, 300px\" \/><p id=\"caption-attachment-13671\" class=\"wp-caption-text\">Imagen Diario El D\u00eda<\/p><\/div>\n<p><strong>\u00a0\u00a0 L<\/strong>a indignaci\u00f3n y la tristeza embarg\u00f3 ayer a los fieles cat\u00f3licos de la parroquia Nuestra Se\u00f1ora de las Victorias, debido <strong>al robo<\/strong> <strong>de la corona de la Rosa M\u00edstica,<\/strong> <strong>valiosa pieza que adornaba la imagen <\/strong>de la Virgen Mar\u00eda, que recibe la devoci\u00f3n de cientos de personas durante cada d\u00eda.<\/p>\n<p>La corona, que tiene un gran valor material y simb\u00f3lico para la comunidad religiosa, fue sustra\u00edda por una persona desconocida, que aprovech\u00f3 alg\u00fan momento de descuido o vulnerabilidad para cometer el il\u00edcito. de la parroquia Nuestra Se\u00f1ora de las Victorias, ubicada en las calles 23 y 54 de la capital bonaerense.<\/p>\n<p>No se sabe con exactitud cu\u00e1ndo ni c\u00f3mo ocurri\u00f3 el hurto, pero se presume que fue en las \u00faltimas horas, ya que el domingo pasado la imagen luc\u00eda su corona.<\/p>\n<p>El sacerdote de la parroquia, el padre Henry, expres\u00f3 su dolor y su desconcierto por lo sucedido, y pidi\u00f3 al ladr\u00f3n que devuelva la corona y \u00abconf\u00ede en la providencia de la Madre de Dios\u00bb.<\/p>\n<p>A trav\u00e9s de un mensaje publicado en la cuenta de Facebook de la comunidad, el padre Henry escribi\u00f3: \u00ab<strong>Esta imagen contiene a cientos y miles de personas durante la semana! Sin embargo una persona la ha despojado de su corona. No s\u00e9 qui\u00e9n eres, ni por qu\u00e9 lo has hecho, s\u00f3lo te pido que la retornes! Somos testigos de su amor y cercan\u00eda a cada hijo que con confianza se acerca a ella. Te invito a que conf\u00edes en ella! Trabajo? Salud? Comida? Medicinas? Ella es para nosotros pura providencia. Te bendigo y espero que le devuelvas a la Virgen, lo que sus hijos le ofrecieron. P. Henry<\/strong>\u00ab.<\/p>\n<p>El mensaje del sacerdote est\u00e1 recibiendo comentarios de\u00a0<strong>apoyo, solidaridad y oraci\u00f3n<\/strong>\u00a0de los feligreses, que se unen en una cadena de fe y esperanza para que la corona de oro de la Rosa M\u00edstica sea recuperada y vuelva a adornar la imagen de la Virgen.<\/p>\n<p>Asimismo, est\u00e1n expresando su repudio al acto sacr\u00edlego y su confianza en que <strong>la justicia divina (y humana) se har\u00e1 cargo del responsable<\/strong>.<\/p>\n<p><strong>L<\/strong><strong>a Rosa M\u00edstica:<\/strong><\/p>\n<p>La parroquia Nuestra Se\u00f1ora de las Victorias es una de las m\u00e1s concurridas y emblem\u00e1ticas de La Plata, y su templo, si bien alberga varias im\u00e1genes veneradas por los cat\u00f3licos, <strong>se centra en la Rosa M\u00edstica, que representa a la Virgen Mar\u00eda como la madre de la Iglesia <\/strong>y \u00abla mediadora de todas las gracias\u00bb, para la que hace algunos a\u00f1os se construy\u00f3 una capilla separada por la cantidad de fieles que asisten a diario, y en especial los d\u00edas 13 de cada mes.<\/p>\n<p>La corona de oro que le fue robada fue una ofrenda de \u00ablos hijos de la Virgen\u00bb, que quisieron honrarla y agradecerle por sus favores y milagros recibidos. <strong>(VW)<\/strong><\/p>\n","protected":false},"excerpt":{"rendered":"<p>La comunidad de la parroquia Nuestra Se\u00f1ora de las Victorias consternada por el hecho. El padre Henry dio a conocer la noticia y le envi\u00f3 un mensaje al ladr\u00f3n: \u00abTe invito a que conf\u00edes&#46;&#46;&#46;<\/p>\n","protected":false},"author":4,"featured_media":13671,"comment_status":"closed","ping_status":"closed","sticky":false,"template":"","format":"standard","meta":{"_monsterinsights_skip_tracking":false,"_monsterinsights_sitenote_active":false,"_monsterinsights_sitenote_note":"","_monsterinsights_sitenote_category":0,"footnotes":""},"categories":[8],"tags":[5708,5706,5707],"class_list":["post-13670","post","type-post","status-publish","format-standard","has-post-thumbnail","hentry","category-interes-general","tag-padre-henry","tag-robaron-corona-de-virgen-el-parroquia","tag-virgen-mistica-de-la-plata"],"_links":{"self":[{"href":"https:\/\/www.visionweb.com.ar\/index.php?rest_route=\/wp\/v2\/posts\/13670","targetHints":{"allow":["GET"]}}],"collection":[{"href":"https:\/\/www.visionweb.com.ar\/index.php?rest_route=\/wp\/v2\/posts"}],"about":[{"href":"https:\/\/www.visionweb.com.ar\/index.php?rest_route=\/wp\/v2\/types\/post"}],"author":[{"embeddable":true,"href":"https:\/\/www.visionweb.com.ar\/index.php?rest_route=\/wp\/v2\/users\/4"}],"replies":[{"embeddable":true,"href":"https:\/\/www.visionweb.com.ar\/index.php?rest_route=%2Fwp%2Fv2%2Fcomments&post=13670"}],"version-history":[{"count":3,"href":"https:\/\/www.visionweb.com.ar\/index.php?rest_route=\/wp\/v2\/posts\/13670\/revisions"}],"predecessor-version":[{"id":13674,"href":"https:\/\/www.visionweb.com.ar\/index.php?rest_route=\/wp\/v2\/posts\/13670\/revisions\/13674"}],"wp:featuredmedia":[{"embeddable":true,"href":"https:\/\/www.visionweb.com.ar\/index.php?rest_route=\/wp\/v2\/media\/13671"}],"wp:attachment":[{"href":"https:\/\/www.visionweb.com.ar\/index.php?rest_route=%2Fwp%2Fv2%2Fmedia&parent=13670"}],"wp:term":[{"taxonomy":"category","embeddable":true,"href":"https:\/\/www.visionweb.com.ar\/index.php?rest_route=%2Fwp%2Fv2%2Fcategories&post=13670"},{"taxonomy":"post_tag","embeddable":true,"href":"https:\/\/www.visionweb.com.ar\/index.php?rest_route=%2Fwp%2Fv2%2Ftags&post=13670"}],"curies":[{"name":"wp","href":"https:\/\/api.w.org\/{rel}","templated":true}]}}