{"id":13660,"date":"2024-02-22T09:00:54","date_gmt":"2024-02-22T12:00:54","guid":{"rendered":"https:\/\/www.visionweb.com.ar\/?p=13660"},"modified":"2024-02-22T09:00:54","modified_gmt":"2024-02-22T12:00:54","slug":"clases-los-gremios-docentes-de-la-cgt-suspendieron-la-posibilidad-de-un-paro-en-el-inicio-del-ciclo","status":"publish","type":"post","link":"https:\/\/www.visionweb.com.ar\/?p=13660","title":{"rendered":"Clases: Los gremios docentes de la CGT suspendieron la posibilidad de un paro en el inicio del ciclo"},"content":{"rendered":"<p><em><strong>Tras el llamado del gobierno para discutir salarios, se reunir\u00e1n el pr\u00f3ximo martes y buscar\u00e1n un piso salarial nacional. Tambi\u00e9n piden que el gobierno vuelva a pagar el Incentivo.<\/strong><\/em><!--more--><\/p>\n<p><strong><img loading=\"lazy\" decoding=\"async\" class=\"size-medium wp-image-13661 alignright\" src=\"https:\/\/www.visionweb.com.ar\/wp-content\/uploads\/2024\/02\/cetera-300x136.png\" alt=\"\" width=\"300\" height=\"136\" srcset=\"https:\/\/www.visionweb.com.ar\/wp-content\/uploads\/2024\/02\/cetera-300x136.png 300w, https:\/\/www.visionweb.com.ar\/wp-content\/uploads\/2024\/02\/cetera.png 487w\" sizes=\"auto, (max-width: 300px) 100vw, 300px\" \/>\u00a0\u00a0 L<\/strong>os<strong> cuatro gremios docentes de alcance nacional que integran la CGT, decidieron suspender un posible paro que entorpecer\u00eda el inicio del ciclo lectivo, luego de que el gobierno convocara a una reuni\u00f3n para el pr\u00f3ximo martes para discutir un piso salarial nacional.<\/strong><\/p>\n<p>El Gobierno convoc\u00f3 a los gremios a la paritaria nacional docente, a pesar de que el presidente Javier Milei hab\u00eda descartado un llamado.<\/p>\n<p>En ese contexto fueron\u00a0convocados a la reuni\u00f3n<strong> los ministros de educaci\u00f3n de las provincias y de la ciudad de Buenos Aires, todos como parte del Consejo Federal de Educaci\u00f3n, y a los gremios docentes con representaci\u00f3n nacional.<\/strong><\/p>\n<p>El encuentro entre la gesti\u00f3n nacional y los sindicatos se desarrollar\u00e1 el pr\u00f3ximo martes 27 de febrero desde las 18, en el edificio porte\u00f1o de la avenida Leandro N. Alem 650 de Caba, en la sede de la Secretar\u00eda de Trabajo.<\/p>\n<p><strong>El salario m\u00ednimo de los docentes es actualmente de 250.000 pesos. La Confederaci\u00f3n de Trabajadores de la Educaci\u00f3n (Ctera), <\/strong>que re\u00fane a los principales gremios docentes del interior,<strong> adoptar\u00eda la misma postura.<\/strong><\/p>\n<p>Los gremios\u00a0exigir\u00e1n que<strong> se restablezca el Fondo Nacional de Incentivo Docente, un componente del salario que est\u00e1 a cargo de la Naci\u00f3n y que representa entre un 10 y un 15 por ciento del salario de un maestro. <\/strong>El Gobierno nacional pretende<strong> trasladar ese costo a las provincias, <\/strong>seg\u00fan anunci\u00f3 el vocero presidencial Manuel Adorni.<\/p>\n<p>Las organizaciones convocadas son: la Confederaci\u00f3n de Trabajadores de la Educaci\u00f3n (Ctera), la Uni\u00f3n Docentes Argentinos (UDA), la Confederaci\u00f3n de Educadores Argentinos (CEA), la Asociaci\u00f3n del Magisterio de Ense\u00f1anza T\u00e9cnica (AMET), el Sindicato Argentino de Docentes Privados (Sadop), el Consejo Superior de Educaci\u00f3n Cat\u00f3lica (Consudec), la Junta Coordinadora de Asociaciones de la Ense\u00f1anza Privada (Coordiep), la Confederaci\u00f3n Argentina de Instituciones de Educaci\u00f3n Privada (Caiep) y Vicaria Episcopal de Educaci\u00f3n. <strong>(VW)<\/strong><\/p>\n","protected":false},"excerpt":{"rendered":"<p>Tras el llamado del gobierno para discutir salarios, se reunir\u00e1n el pr\u00f3ximo martes y buscar\u00e1n un piso salarial nacional. Tambi\u00e9n piden que el gobierno vuelva a pagar el Incentivo.<\/p>\n","protected":false},"author":4,"featured_media":13661,"comment_status":"closed","ping_status":"closed","sticky":false,"template":"","format":"standard","meta":{"_monsterinsights_skip_tracking":false,"_monsterinsights_sitenote_active":false,"_monsterinsights_sitenote_note":"","_monsterinsights_sitenote_category":0,"footnotes":""},"categories":[7,4],"tags":[5694,5698,5700,5699],"class_list":["post-13660","post","type-post","status-publish","format-standard","has-post-thumbnail","hentry","category-educacion-y-cultura","category-politica","tag-gremios-docentes-de-la-cgt","tag-inicio-de-clases","tag-paritaria-nacional-docente","tag-suspenden-paro"],"_links":{"self":[{"href":"https:\/\/www.visionweb.com.ar\/index.php?rest_route=\/wp\/v2\/posts\/13660","targetHints":{"allow":["GET"]}}],"collection":[{"href":"https:\/\/www.visionweb.com.ar\/index.php?rest_route=\/wp\/v2\/posts"}],"about":[{"href":"https:\/\/www.visionweb.com.ar\/index.php?rest_route=\/wp\/v2\/types\/post"}],"author":[{"embeddable":true,"href":"https:\/\/www.visionweb.com.ar\/index.php?rest_route=\/wp\/v2\/users\/4"}],"replies":[{"embeddable":true,"href":"https:\/\/www.visionweb.com.ar\/index.php?rest_route=%2Fwp%2Fv2%2Fcomments&post=13660"}],"version-history":[{"count":1,"href":"https:\/\/www.visionweb.com.ar\/index.php?rest_route=\/wp\/v2\/posts\/13660\/revisions"}],"predecessor-version":[{"id":13662,"href":"https:\/\/www.visionweb.com.ar\/index.php?rest_route=\/wp\/v2\/posts\/13660\/revisions\/13662"}],"wp:featuredmedia":[{"embeddable":true,"href":"https:\/\/www.visionweb.com.ar\/index.php?rest_route=\/wp\/v2\/media\/13661"}],"wp:attachment":[{"href":"https:\/\/www.visionweb.com.ar\/index.php?rest_route=%2Fwp%2Fv2%2Fmedia&parent=13660"}],"wp:term":[{"taxonomy":"category","embeddable":true,"href":"https:\/\/www.visionweb.com.ar\/index.php?rest_route=%2Fwp%2Fv2%2Fcategories&post=13660"},{"taxonomy":"post_tag","embeddable":true,"href":"https:\/\/www.visionweb.com.ar\/index.php?rest_route=%2Fwp%2Fv2%2Ftags&post=13660"}],"curies":[{"name":"wp","href":"https:\/\/api.w.org\/{rel}","templated":true}]}}