{"id":13655,"date":"2024-02-21T12:58:41","date_gmt":"2024-02-21T15:58:41","guid":{"rendered":"https:\/\/www.visionweb.com.ar\/?p=13655"},"modified":"2024-02-21T12:58:41","modified_gmt":"2024-02-21T15:58:41","slug":"continua-en-discusion-el-inicio-de-las-clases-con-amagues-de-paro","status":"publish","type":"post","link":"https:\/\/www.visionweb.com.ar\/?p=13655","title":{"rendered":"Contin\u00faa en discusi\u00f3n el inicio de las clases con amagues de paro"},"content":{"rendered":"<p><em><strong>El suteba de Roberto Baradel aprob\u00f3 la oferta salarial del 20% realizada por Axel Kicillof, pero se sumar\u00e1 al plan de lucha de CTERA.\u00a0Mientras tanto el gobierno nacional busca declarar a la educaci\u00f3n como servicio esencial.<\/strong><\/em><!--more--><\/p>\n<p><strong> <img loading=\"lazy\" decoding=\"async\" class=\"size-medium wp-image-13656 alignright\" src=\"https:\/\/www.visionweb.com.ar\/wp-content\/uploads\/2024\/02\/clases-sadop-300x204.png\" alt=\"\" width=\"300\" height=\"204\" srcset=\"https:\/\/www.visionweb.com.ar\/wp-content\/uploads\/2024\/02\/clases-sadop-300x204.png 300w, https:\/\/www.visionweb.com.ar\/wp-content\/uploads\/2024\/02\/clases-sadop.png 524w\" sizes=\"auto, (max-width: 300px) 100vw, 300px\" \/>\u00a0\u00a0 L<\/strong>os <strong>cuatro sindicatos docentes nacionales que forman parte de la CGT, UDA, Sadop, AMET y CEA, <\/strong>advirtieron que si el Gobierno no los cita a una reuni\u00f3n paritaria de aqu\u00ed a este jueves,<strong> har\u00e1n paro en el inicio de clases, <\/strong>previsto para el lunes 26 en varias provincias.<\/p>\n<p>Los gremios que se suman al paro son la<strong>\u00a0UDA, CTERA, SADOP\u00a0<\/strong>y\u00a0<strong>AMET<\/strong>. En conjunto, representan a m\u00e1s de un mill\u00f3n de docentes en todo el pa\u00eds.<\/p>\n<p><strong>\u201cEst\u00e1bamos esperando que el gobierno convoque a los trabajadores y que se dignifique la tarea del docente. Pero no es de su inter\u00e9s, entonces tenemos la decisi\u00f3n tomada de hacer un paro nacional en el inicio de clases\u201d\u00a0<\/strong>explicaron.<\/p>\n<p>Mientras<strong> CTERA, que es el sindicato mayoritario del sector, y que integra la CTA de los Trabajadores<\/strong>, se espera que siga un camino similar en caso de que no haya novedades con la reuni\u00f3n que aparentemente iban a tener esta semana con el Gobierno, pero de la cual sigue sin haber novedades en las \u00faltimas horas.<\/p>\n<p>La semana pasada, el Gobierno se centr\u00f3 en una discusi\u00f3n sobre el tema, donde el vocero presidencial Manuel Adorni\u00a0<strong>dijo que la paritaria nacional docente \u201cno existe\u201d porque los salarios los abonan las provincias, pero luego fuentes de la Secretar\u00eda de Educaci\u00f3n hicieron trascender que se convocar\u00eda a una reuni\u00f3n a los gremios para abordar el tema, evitando la palabra \u201cparitaria\u201d.<\/strong><\/p>\n<p>Por su parte, <strong>Suteba<\/strong> uno de los gremios m\u00e1s importantes que integran el Frente de Unidad Docente, acept\u00f3 este martes por \u00abampl\u00edsima mayor\u00eda\u00bb la oferta salarial realizada por Axel Kicillof. Aunque el acuerdo hace pensar que las clases\u00a0arrancar\u00edan normalmente, todo quedar\u00e1 supeditado a la discusi\u00f3n nacional, ya que el gremio de <strong>Roberto Baradel decidi\u00f3 plegarse al plan de lucha de CTERA<\/strong>.<\/p>\n<p>Esta determinaci\u00f3n fue adoptada durante un masivo plenario de Secretarios Generales del SUTEBA, en base al mandado de las asambleas distritales y seccionales de los maestros.<\/p>\n<p>El plenario tambi\u00e9n aprob\u00f3 por unanimidad, acompa\u00f1ar el pedido de CTERA, para exigir al gobierno de Javier Milei la convocatoria a Paritaria y env\u00edo de fondos a las provincias \u00abque de no ser as\u00ed, se avanzar\u00eda en un Plan de Lucha Nacional\u00bb explicaron.<\/p>\n<p><strong><img loading=\"lazy\" decoding=\"async\" class=\"size-medium wp-image-11412 alignleft\" src=\"https:\/\/www.visionweb.com.ar\/wp-content\/uploads\/2023\/08\/a-clases-300x176.png\" alt=\"\" width=\"300\" height=\"176\" srcset=\"https:\/\/www.visionweb.com.ar\/wp-content\/uploads\/2023\/08\/a-clases-300x176.png 300w, https:\/\/www.visionweb.com.ar\/wp-content\/uploads\/2023\/08\/a-clases.png 386w\" sizes=\"auto, (max-width: 300px) 100vw, 300px\" \/> SUTEBA a nivel provincial:<\/strong><\/p>\n<ul>\n<li>Aprobar la propuesta salarial realizada por el Gobierno Provincial: 20% de promedio general de aumento sobre base de c\u00e1lculo diciembre 2023, a partir del 1\u00b0 de febrero del 2024. Alcanza a los docentes Jubilados.<\/li>\n<li>Incluye tambi\u00e9n una nueva convocatoria en marzo y trabajo en Comisi\u00f3n T\u00e9cnica en la elaboraci\u00f3n de acciones que garanticen m\u00e1s derechos laborales.<\/li>\n<li>Defender al IPS y el Sistema Previsional Bonaerense.<\/li>\n<li>Plantear el fortalecimiento del IOMA en la cobertura y acceso a las prestaciones.<\/li>\n<li>Seguir consolidando la unidad del FUDB y de todos los Docentes bonaerenses \u00abpara seguir defendiendo la Escuela P\u00fablica, el salario, nuestros derechos laborales y los derechos de nuestros pibes\u00bb.<\/li>\n<\/ul>\n<p><strong>CTERA a nivel nacional<\/strong><\/p>\n<ul>\n<li>Desde la CTERA, exigir convocatoria a Paritaria y env\u00edo de fondos a las provincias. De no ser as\u00ed, avanzar en un Plan de Lucha Nacional.<\/li>\n<li>Facultar a la Junta Ejecutiva y al Plenario de Secretarixs Generales de la CTERA para construir la m\u00e1s amplia unidad y darle continuidad a las medidas y plan de acci\u00f3n para garantizar el financiamiento educativo.<\/li>\n<\/ul>\n<p><strong>MANDATOS de la CTA-T<\/strong><\/p>\n<ul>\n<li>\u00a0Seguir construyendo unidad en la lucha del movimiento obrero y las Organizaciones Sociales, Pol\u00edticas y de DDHH para la defensa de nuestros derechos y de la Patria.<\/li>\n<li>Fortalecer el desarrollo de las Multisectoriales en toda la Provincia y avanzar en una acci\u00f3n provincial en unidad.<\/li>\n<li>Defender y demandar los fondos correspondientes a lxs bonaerenses como la Coparticipaci\u00f3n, entre otros.<\/li>\n<li>\u00a0En el marco del Paro Internacional Feminista del 8M, desarrollar jornadas de lucha en todo el pa\u00eds en defensa de la Escuela P\u00fablica, de los derechos de ni\u00f1eces, mujeres y disidencias.<\/li>\n<li>Sostener las banderas de Memoria, Verdad y Justicia y, como hist\u00f3ricamente lo hemos hecho, participaremos de las actividades y la Marcha del 24 de marzo.<\/li>\n<li>Continuar repudiando el DNU 70\/23 y toda normativa o protocolo que restrinja las instituciones democr\u00e1ticas, los derechos ciudadanos o que promueva avances en las privatizaciones de nuestro patrimonio cultural, educativo, cient\u00edfico, tecnol\u00f3gico y de bienes comunes naturales.<\/li>\n<li>\u00a0Demandar que el Estado Nacional env\u00ede las partidas para los Comedores Escolares y Comunitarios<\/li>\n<li>No a la privatizaci\u00f3n de los medios p\u00fablicos y del Banco Naci\u00f3n.<\/li>\n<li>No a la quita de subsidios al transporte, ni al brutal aumento de la luz, agua y gas.<\/li>\n<li>No a la paralizaci\u00f3n de la Obra P\u00fablica.<\/li>\n<li>Por la defensa de las econom\u00edas regionales.<\/li>\n<li>Rechazo a la extranjerizaci\u00f3n de la Tierra y la vulneraci\u00f3n de derechos de los Pueblos Originarios<\/li>\n<li>No al desfinanciamiento de la Salud y las Obras Sociales.<\/li>\n<li>Defensa irrestricta del Fondo de Garant\u00eda de Sustentabilidad de la ANSES.<\/li>\n<li>Rechazo a toda normativa y pol\u00edtica estatal que avale la criminalizaci\u00f3n de la protesta social y nos solidarizamos con todas las luchas por derechos y pol\u00edticas p\u00fablicas.<\/li>\n<\/ul>\n<p><strong>La educaci\u00f3n como servicio esencial:<\/strong><\/p>\n<p>En el medio, el gobierno nacional busca declarar a la educaci\u00f3n como servicio esencial, que obligar\u00eda a garantizarse la prestaci\u00f3n de al menos el 75% de las clases.<\/p>\n<p>\u00ab<strong>Declarar la educaci\u00f3n servicio esencial es ignorar un mont\u00f3n de normas que est\u00e1n vigentes. El derecho a huelga es un derecho constitucional, el convenio 87 de la OIT. <\/strong>Hay mucho respaldo jur\u00eddico donde van a tener cuidado y sino iremos a judicializar\u00bb\u00a0explicaron desde los sindicatos. <strong>(VW)<\/strong><\/p>\n","protected":false},"excerpt":{"rendered":"<p>El suteba de Roberto Baradel aprob\u00f3 la oferta salarial del 20% realizada por Axel Kicillof, pero se sumar\u00e1 al plan de lucha de CTERA.\u00a0Mientras tanto el gobierno nacional busca declarar a la educaci\u00f3n como&#46;&#46;&#46;<\/p>\n","protected":false},"author":4,"featured_media":11412,"comment_status":"closed","ping_status":"closed","sticky":false,"template":"","format":"standard","meta":{"_monsterinsights_skip_tracking":false,"_monsterinsights_sitenote_active":false,"_monsterinsights_sitenote_note":"","_monsterinsights_sitenote_category":0,"footnotes":""},"categories":[7,4],"tags":[5693,5694,5695,2873,2159],"class_list":["post-13655","post","type-post","status-publish","format-standard","has-post-thumbnail","hentry","category-educacion-y-cultura","category-politica","tag-cetera","tag-gremios-docentes-de-la-cgt","tag-paro-al-inicio-de-clases","tag-sadop","tag-suteba"],"_links":{"self":[{"href":"https:\/\/www.visionweb.com.ar\/index.php?rest_route=\/wp\/v2\/posts\/13655","targetHints":{"allow":["GET"]}}],"collection":[{"href":"https:\/\/www.visionweb.com.ar\/index.php?rest_route=\/wp\/v2\/posts"}],"about":[{"href":"https:\/\/www.visionweb.com.ar\/index.php?rest_route=\/wp\/v2\/types\/post"}],"author":[{"embeddable":true,"href":"https:\/\/www.visionweb.com.ar\/index.php?rest_route=\/wp\/v2\/users\/4"}],"replies":[{"embeddable":true,"href":"https:\/\/www.visionweb.com.ar\/index.php?rest_route=%2Fwp%2Fv2%2Fcomments&post=13655"}],"version-history":[{"count":1,"href":"https:\/\/www.visionweb.com.ar\/index.php?rest_route=\/wp\/v2\/posts\/13655\/revisions"}],"predecessor-version":[{"id":13657,"href":"https:\/\/www.visionweb.com.ar\/index.php?rest_route=\/wp\/v2\/posts\/13655\/revisions\/13657"}],"wp:featuredmedia":[{"embeddable":true,"href":"https:\/\/www.visionweb.com.ar\/index.php?rest_route=\/wp\/v2\/media\/11412"}],"wp:attachment":[{"href":"https:\/\/www.visionweb.com.ar\/index.php?rest_route=%2Fwp%2Fv2%2Fmedia&parent=13655"}],"wp:term":[{"taxonomy":"category","embeddable":true,"href":"https:\/\/www.visionweb.com.ar\/index.php?rest_route=%2Fwp%2Fv2%2Fcategories&post=13655"},{"taxonomy":"post_tag","embeddable":true,"href":"https:\/\/www.visionweb.com.ar\/index.php?rest_route=%2Fwp%2Fv2%2Ftags&post=13655"}],"curies":[{"name":"wp","href":"https:\/\/api.w.org\/{rel}","templated":true}]}}