{"id":13650,"date":"2024-02-21T11:50:06","date_gmt":"2024-02-21T14:50:06","guid":{"rendered":"https:\/\/www.visionweb.com.ar\/?p=13650"},"modified":"2024-02-21T11:50:06","modified_gmt":"2024-02-21T14:50:06","slug":"jubilaciones-el-gobierno-oficializo-un-aumento-del-2718-a-partir-de-marzo","status":"publish","type":"post","link":"https:\/\/www.visionweb.com.ar\/?p=13650","title":{"rendered":"Jubilaciones: El gobierno oficializ\u00f3 un aumento del 27,18% a partir de marzo"},"content":{"rendered":"<p><strong><em>La resoluci\u00f3n lleva la firma del extitular de Anses. La m\u00ednima ser\u00e1 de $134.446 reci\u00e9n en marzo.<\/em><\/strong><!--more--><\/p>\n<p><strong> <img loading=\"lazy\" decoding=\"async\" class=\"size-medium wp-image-12327 alignright\" src=\"https:\/\/www.visionweb.com.ar\/wp-content\/uploads\/2023\/10\/jubilados-300x174.png\" alt=\"\" width=\"300\" height=\"174\" srcset=\"https:\/\/www.visionweb.com.ar\/wp-content\/uploads\/2023\/10\/jubilados-300x174.png 300w, https:\/\/www.visionweb.com.ar\/wp-content\/uploads\/2023\/10\/jubilados.png 576w\" sizes=\"auto, (max-width: 300px) 100vw, 300px\" \/>\u00a0\u00a0 E<\/strong>l<strong> Gobierno <\/strong>oficializ\u00f3 un aumento del valor de las jubilaciones en un<strong> 27,18% que regir\u00e1 a partir del mes de marzo<\/strong>, seg\u00fan la\u00a0<a href=\"https:\/\/www.boletinoficial.gob.ar\/detalleAviso\/primera\/302876\/20240221\">Resoluci\u00f3n 38\/2024\u00a0<\/a>publicada hoy en el Bolet\u00edn Oficial con la firma del titular de la Anses,\u00a0Osvaldo Giordano.<\/p>\n<p>Con este ajuste,<strong>\u00a0la jubilaci\u00f3n m\u00ednima se ir\u00e1 de $105.713 a $134.446<\/strong>, mientras que el haber bruto m\u00e1ximo pasar\u00e1 de $711.346 a $904.690 en marzo. Con estos valores, enfrenta un recorte de m\u00e1s del 30% por el impacto de la inflaci\u00f3n en los primeros meses del Gobierno.<\/p>\n<p>La norma publicada hoy precisa que: \u201cEstabl\u00e9cese que\u00a0<strong>el valor de la movilidad prevista en el art\u00edculo 32 de la Ley N\u00b0 24.241 y sus modificatorias, correspondiente al mes de marzo de 2024, es de 27,18%<\/strong>\u201d.<\/p>\n<p>En los considerandos, el texto indica que \u201cel Instituto Nacional de Estad\u00edstica y Censos (Indec) a trav\u00e9s de su informe t\u00e9cnico salarios, del 9 de febrero de 2024 comunic\u00f3 el \u00cdndice General de Salarios (IS) del mes de diciembre de 2023; y que la Secretar\u00eda de Trabajo, Empleo y Seguridad Social del Ministerio de Capital Humano, el 2 de febrero de 2024, ha suministrado a la Anses la variaci\u00f3n observada para el cuarto trimestre de 2023, de la Remuneraci\u00f3n Imponible Promedio de los Trabajadores Estables (Ripte)\u201d.<\/p>\n<p>Estas variaciones fueron las utilizadas para \u201ccalcular el \u00edndice de movilidad que determina el art\u00edculo 32 de la Ley N\u00b0 24.241\u201d que \u201cregir\u00e1 a partir de marzo de 2024\u201d, indica la resoluci\u00f3n.<\/p>\n<p>Hace pocos d\u00edas, el ministro de Econom\u00eda,\u00a0<strong>Luis Caputo, ya hab\u00eda anticipado que en marzo los jubilados tendr\u00edan una \u201crecomposici\u00f3n de aproximadamente 30%\u201d y un bono<\/strong>, aunque a\u00fan se desconocen novedades al respecto, en cuanto al monto ni los alcances. <strong>(VW)<\/strong><\/p>\n","protected":false},"excerpt":{"rendered":"<p>La resoluci\u00f3n lleva la firma del extitular de Anses. La m\u00ednima ser\u00e1 de $134.446 reci\u00e9n en marzo.<\/p>\n","protected":false},"author":4,"featured_media":12327,"comment_status":"closed","ping_status":"closed","sticky":false,"template":"","format":"standard","meta":{"_monsterinsights_skip_tracking":false,"_monsterinsights_sitenote_active":false,"_monsterinsights_sitenote_note":"","_monsterinsights_sitenote_category":0,"footnotes":""},"categories":[6,4,5],"tags":[2294,5389,5691],"class_list":["post-13650","post","type-post","status-publish","format-standard","has-post-thumbnail","hentry","category-economia","category-politica","category-sociedad","tag-aumento-jubilaciones","tag-caputo","tag-marzo-2024"],"_links":{"self":[{"href":"https:\/\/www.visionweb.com.ar\/index.php?rest_route=\/wp\/v2\/posts\/13650","targetHints":{"allow":["GET"]}}],"collection":[{"href":"https:\/\/www.visionweb.com.ar\/index.php?rest_route=\/wp\/v2\/posts"}],"about":[{"href":"https:\/\/www.visionweb.com.ar\/index.php?rest_route=\/wp\/v2\/types\/post"}],"author":[{"embeddable":true,"href":"https:\/\/www.visionweb.com.ar\/index.php?rest_route=\/wp\/v2\/users\/4"}],"replies":[{"embeddable":true,"href":"https:\/\/www.visionweb.com.ar\/index.php?rest_route=%2Fwp%2Fv2%2Fcomments&post=13650"}],"version-history":[{"count":1,"href":"https:\/\/www.visionweb.com.ar\/index.php?rest_route=\/wp\/v2\/posts\/13650\/revisions"}],"predecessor-version":[{"id":13651,"href":"https:\/\/www.visionweb.com.ar\/index.php?rest_route=\/wp\/v2\/posts\/13650\/revisions\/13651"}],"wp:featuredmedia":[{"embeddable":true,"href":"https:\/\/www.visionweb.com.ar\/index.php?rest_route=\/wp\/v2\/media\/12327"}],"wp:attachment":[{"href":"https:\/\/www.visionweb.com.ar\/index.php?rest_route=%2Fwp%2Fv2%2Fmedia&parent=13650"}],"wp:term":[{"taxonomy":"category","embeddable":true,"href":"https:\/\/www.visionweb.com.ar\/index.php?rest_route=%2Fwp%2Fv2%2Fcategories&post=13650"},{"taxonomy":"post_tag","embeddable":true,"href":"https:\/\/www.visionweb.com.ar\/index.php?rest_route=%2Fwp%2Fv2%2Ftags&post=13650"}],"curies":[{"name":"wp","href":"https:\/\/api.w.org\/{rel}","templated":true}]}}