{"id":13642,"date":"2024-02-20T11:59:31","date_gmt":"2024-02-20T14:59:31","guid":{"rendered":"https:\/\/www.visionweb.com.ar\/?p=13642"},"modified":"2024-02-20T11:59:31","modified_gmt":"2024-02-20T14:59:31","slug":"el-gobernador-kicillof-evalua-la-posibilidad-de-crear-una-ley-de-gondolas-bonaerense","status":"publish","type":"post","link":"https:\/\/www.visionweb.com.ar\/?p=13642","title":{"rendered":"El gobernador Kicillof eval\u00faa la posibilidad de crear una Ley de G\u00f3ndolas bonaerense"},"content":{"rendered":"<p><em><strong>El ministro Javier Rodr\u00edguez, lo mencion\u00f3 tras un encuentro de Axel Kicillof con Pymes. Crear\u00edan una mesa de trabajo para pensar en una nueva ley de G\u00f3ndolas.<\/strong><\/em><!--more--><\/p>\n<p><img loading=\"lazy\" decoding=\"async\" class=\"size-full wp-image-960 alignright\" src=\"https:\/\/www.visionweb.com.ar\/wp-content\/uploads\/2021\/02\/super.bmp\" alt=\"\" width=\"504\" height=\"175\" \/>\u00a0 <strong>A<\/strong>xel Kicillof ya eval\u00faa la posibilidad de impulsar un proyecto para la <strong>creaci\u00f3n de una ley de g\u00f3ndolas\u00a0bonaerense<\/strong> que permita reducir las asimetr\u00edas en la exhibici\u00f3n de los productos en los supermercados.<\/p>\n<p>La novedad se conoci\u00f3 en el marco de una reuni\u00f3n que el mandatario provincial mantuvo durante el lunes en Casa de Gobierno con PyMES que participan del programa\u00a0<strong>\u201cProducci\u00f3n Bonaerense\u201d\u00a0<\/strong>y fue confirmada por el ministro de Desarrollo Agrario,\u00a0<strong>Javier Rodr\u00edguez<\/strong>, en una rueda de medios.<\/p>\n<p><strong>\u201cLa Ley de G\u00f3ndolas ven\u00eda a generar una situaci\u00f3n de mayor equilibrio en cuanto a los proveedores de las distintas cadenas para que las Pymes, para que la cooperativa o el emprendedor puedan llegar a las distintas superficies de comercializaci\u00f3n. Tiene un impacto sumamente negativo para la generaci\u00f3n de empleo y el desarrollo local\u201d<\/strong>\u00a0lament\u00f3 el funcionario, a prop\u00f3sito de la derogaci\u00f3n del marco regulatorio nacional.<\/p>\n<p><strong>Crear\u00edan una \u201cmesa de trabajo\u201d para pensar en la nueva ley:<\/strong><\/p>\n<p>Seg\u00fan precis\u00f3 Javier Rodr\u00edguez, durante el encuentro con los peque\u00f1os y medianos empresarios surgi\u00f3 esta idea: <strong>\u201cSe convers\u00f3 en crear una mesa de trabajo para pensar y analizar la posibilidad de replicar una normativa de estas caracter\u00edsticas a nivel provincial, por supuesto que teniendo en cuenta las consideraciones de todo el sector\u201d\u00a0<\/strong>dijo.<\/p>\n<p>Esta posibilidad podr\u00eda comenzar a ganar fuerza con un espacio de trabajo conjunto entre funcionarios, legisladores, actores de la cadena productiva bonaerense que permita lograr consensos y derivar en un proyecto de ley a elevar ante la Legislatura.<\/p>\n<p>A la vez, el ministro Agrario lament\u00f3 la \u201cfalta de escucha del gobierno nacional a los temas que refieren a la producci\u00f3n y el trabajo. Tienen una mirada acotada a lo financiero\u201d.<\/p>\n<p>En esa direcci\u00f3n, Rodr\u00edguez se\u00f1al\u00f3 que en los sectores productivos existe una enorme preocupaci\u00f3n ante una\u00a0<strong>\u201cca\u00edda in\u00e9dita del poder adquisitivo, una reducci\u00f3n muy fuerte producto de las pol\u00edticas macroecon\u00f3micas implantadas por Milei que est\u00e1 impactando en el consumo con indicadores muestran cifras muy alarmantes\u201d\u00a0<\/strong>afirm\u00f3.<\/p>\n<p>Al t\u00e9rmino del encuentro con empresarios Pyme,\u00a0el gobernador Kicillof<strong>\u00a0<\/strong>destac\u00f3: \u00abQueremos dar visibilidad a los proveedores bonaerenses para que puedan ofrecer nuevas marcas que sumen variedad y referencias de precios en el contexto actual. Desde la Provincia asumimos el compromiso de fortalecer los instrumentos de cr\u00e9dito, certificaci\u00f3n y promoci\u00f3n del comercio para <strong>apuntalar la producci\u00f3n e incluir a los emprendimientos familiares, las peque\u00f1as empresas y los integrantes de la econom\u00eda popular<\/strong>\u00bb dijo.<\/p>\n<p><strong>La Ley 27546 o Ley de G\u00f3ndolas: <\/strong><\/p>\n<p>Por medio de esta ley,<strong> cada producto deb\u00eda contar con al menos 5 marcas disponibles <\/strong>en los hipermercados o cadenas de supermercados. Adem\u00e1s, a<strong> un mismo proveedor o empresa no se le permit\u00eda ocupar m\u00e1s del 30% de la g\u00f3ndola, y daba un cupo de al menos 25% a las Pymes. (VW)<\/strong><\/p>\n","protected":false},"excerpt":{"rendered":"<p>El ministro Javier Rodr\u00edguez, lo mencion\u00f3 tras un encuentro de Axel Kicillof con Pymes. Crear\u00edan una mesa de trabajo para pensar en una nueva ley de G\u00f3ndolas.<\/p>\n","protected":false},"author":4,"featured_media":960,"comment_status":"closed","ping_status":"closed","sticky":false,"template":"","format":"standard","meta":{"_monsterinsights_skip_tracking":false,"_monsterinsights_sitenote_active":false,"_monsterinsights_sitenote_note":"","_monsterinsights_sitenote_category":0,"footnotes":""},"categories":[6,4],"tags":[3652,167,5684,1973],"class_list":["post-13642","post","type-post","status-publish","format-standard","has-post-thumbnail","hentry","category-economia","category-politica","tag-javier-rodriguez","tag-kicillof","tag-ley-de-gondolas-bonaerense","tag-mesa-de-trabajo"],"_links":{"self":[{"href":"https:\/\/www.visionweb.com.ar\/index.php?rest_route=\/wp\/v2\/posts\/13642","targetHints":{"allow":["GET"]}}],"collection":[{"href":"https:\/\/www.visionweb.com.ar\/index.php?rest_route=\/wp\/v2\/posts"}],"about":[{"href":"https:\/\/www.visionweb.com.ar\/index.php?rest_route=\/wp\/v2\/types\/post"}],"author":[{"embeddable":true,"href":"https:\/\/www.visionweb.com.ar\/index.php?rest_route=\/wp\/v2\/users\/4"}],"replies":[{"embeddable":true,"href":"https:\/\/www.visionweb.com.ar\/index.php?rest_route=%2Fwp%2Fv2%2Fcomments&post=13642"}],"version-history":[{"count":1,"href":"https:\/\/www.visionweb.com.ar\/index.php?rest_route=\/wp\/v2\/posts\/13642\/revisions"}],"predecessor-version":[{"id":13643,"href":"https:\/\/www.visionweb.com.ar\/index.php?rest_route=\/wp\/v2\/posts\/13642\/revisions\/13643"}],"wp:featuredmedia":[{"embeddable":true,"href":"https:\/\/www.visionweb.com.ar\/index.php?rest_route=\/wp\/v2\/media\/960"}],"wp:attachment":[{"href":"https:\/\/www.visionweb.com.ar\/index.php?rest_route=%2Fwp%2Fv2%2Fmedia&parent=13642"}],"wp:term":[{"taxonomy":"category","embeddable":true,"href":"https:\/\/www.visionweb.com.ar\/index.php?rest_route=%2Fwp%2Fv2%2Fcategories&post=13642"},{"taxonomy":"post_tag","embeddable":true,"href":"https:\/\/www.visionweb.com.ar\/index.php?rest_route=%2Fwp%2Fv2%2Ftags&post=13642"}],"curies":[{"name":"wp","href":"https:\/\/api.w.org\/{rel}","templated":true}]}}