{"id":13640,"date":"2024-02-20T11:14:22","date_gmt":"2024-02-20T14:14:22","guid":{"rendered":"https:\/\/www.visionweb.com.ar\/?p=13640"},"modified":"2024-02-20T11:14:22","modified_gmt":"2024-02-20T14:14:22","slug":"la-fraternidad-confirmo-el-paro-de-trenes-de-manana","status":"publish","type":"post","link":"https:\/\/www.visionweb.com.ar\/?p=13640","title":{"rendered":"La Fraternidad confirm\u00f3 el paro de trenes de ma\u00f1ana"},"content":{"rendered":"<p><em><strong>A la vez, piden a la CGT un nuevo paro general como el del 24 de enero pasado. Tambi\u00e9n desde ma\u00f1ana aumentar\u00e1 el boleto de los trenes de larga distancia.<\/strong><\/em><!--more--><\/p>\n<p><strong><img loading=\"lazy\" decoding=\"async\" class=\"size-full wp-image-11336 alignright\" src=\"https:\/\/www.visionweb.com.ar\/wp-content\/uploads\/2023\/08\/a-trenes.png\" alt=\"\" width=\"286\" height=\"161\" \/>\u00a0\u00a0 E<\/strong>l secretario general del gremio ferroviario de<strong> La Fraternidad, Omar Maturano, ratific\u00f3 el paro de trenes del mi\u00e9rcoles 21 de febrero, que comienza a las 00, dura 24 horas y afecta a todas las l\u00edneas de trenes del pa\u00eds. <\/strong>A la vez el gremio pidi\u00f3 que<strong> la CGT convoque a \u201cuna nueva medida de fuerza\u201d, <\/strong>como la huelga nacional del 24 de enero pasado.<\/p>\n<p><strong>\u201cTenemos que hacer un paro general por nosotros, pero tambi\u00e9n por los jubilados, por el trabajo, por la reforma laboral del DNU\u201d, <\/strong>explic\u00f3 ayer el dirigente de La Fraternidad en declaraciones a El Destape Radio.<\/p>\n<p>Acerca del\u00a0paro ferroviario del mi\u00e9rcoles, el l\u00edder del gremio que agrupa a los maquinistas de trenes explic\u00f3 que fue decidido porque el sector quiere<strong> \u201crecuperar\u201d el poder adquisitivo salarial \u201cperdido por la inflaci\u00f3n\u201d.<\/strong><\/p>\n<p>Seg\u00fan Maturano,<strong>\u00a0el Gobierno nacional debe compensar a los trabajadores del sector con un incremento salarial de \u201centre 52 y 54 por ciento\u201d\u00a0<\/strong>de acuerdo al alza que tuvo la inflaci\u00f3n en los \u00faltimos dos meses.<\/p>\n<p>Maturano, en tanto, se refiri\u00f3 a la intenci\u00f3n del Gobierno nacional de<strong> privatizar la empresa Trenes Argentinos, <\/strong>una propuesta que hab\u00eda incluido en la llamada Ley \u201cBases\u201d cuyo tratamiento en particular fracas\u00f3 semanas atr\u00e1s en la\u00a0C\u00e1mara de Diputados.<\/p>\n<p><strong>\u201cNosotros queremos que la infraestructura de trenes sea estatal. Despu\u00e9s que venga quien quiera a operar y que el Estado cobre un peaje\u201d, opin\u00f3.<\/strong><\/p>\n<p><strong>\u00a0<\/strong><strong>Aumenta el boleto de los trenes de larga distancia:<\/strong><\/p>\n<p>La Secretar\u00eda de Transporte de la Naci\u00f3n avanz\u00f3 sobre los\u00a0trenes\u00a0de\u00a0larga distancia y<strong> actualiz\u00f3 el cuadro tarifario <\/strong>dentro del contexto del ajuste al transporte p\u00fablico. En esa l\u00ednea y desde ma\u00f1ana, el\u00a0<strong>boleto\u00a0<\/strong><strong>saldr\u00e1 m\u00e1s caro<\/strong>.<\/p>\n<p>La medida sali\u00f3 oficializada en la\u00a0<strong><a href=\"https:\/\/www.boletinoficial.gob.ar\/detalleAviso\/primera\/302837\/20240220\">Resoluci\u00f3n 14\/24<\/a><\/strong>\u00a0firmada por\u00a0<strong>Franco Mogetta<\/strong>, el titular del \u00e1rea, en el Bolet\u00edn Oficial. La norma se ampara en la emergencia p\u00fablica declarada en el DNU\u00a070 firmado por\u00a0<strong>Javier Milei<\/strong>\u00a0y habla de actualizar las tarifas del servicio cada dos meses en funci\u00f3n de la inflaci\u00f3n\u00a0relevada por el\u00a0<strong>INDEC<\/strong>.<\/p>\n<p><strong>Las nuevas tarifas de trenes de larga distancia:<\/strong><\/p>\n<p>Seg\u00fan la Resoluci\u00f3n, los servicios comprendidos entre\u00a0<strong>Constituci\u00f3n<\/strong>\u00a0(CABA) y\u00a0<strong>Mar del Plata<\/strong>\u00a0(l\u00ednea General Roca) tendr\u00e1n una tarifa de referencia de 4.493 pesos, lo que equivale a $11,25 por kil\u00f3metro.<\/p>\n<p>Los servicios comprendidos entre\u00a0<strong>Constituci\u00f3n<\/strong>\u00a0(CABA) y\u00a0<strong>Divisadero de Pinamar<\/strong>\u00a0(l\u00ednea General Roca) tendr\u00e1n una tarifa de referencia de 3.3896 pesos.<\/p>\n<p>Los servicios comprendidos entre\u00a0<strong>Constituci\u00f3n<\/strong>\u00a0(CABA) y\u00a0<strong>Bah\u00eda Blanca<\/strong>\u00a0(l\u00ednea General Roca) tendr\u00e1n una tarifa de 7.691 pesos.<\/p>\n<p>El servicio comprendido entre\u00a0<strong>Once\u00a0<\/strong>(CABA) y\u00a0<strong>Pehuaj\u00f3<\/strong>\u00a0de la l\u00ednea Sarmiento costar\u00e1 4.076 pesos.<\/p>\n<p>Los servicios comprendidos entre\u00a0<strong>Retiro<\/strong>\u00a0(CABA) y\u00a0<strong>Justo Daract<\/strong>\u00a0(provincia de San Luis), correspondientes a la l\u00ednea General San Mart\u00edn, costar\u00e1n 7.365 pesos.<\/p>\n<p>Los servicios comprendidos entre\u00a0<strong>Retiro<\/strong>\u00a0(CABA) y\u00a0<strong>Rosario Norte<\/strong>\u00a0(Santa Fe) de la l\u00ednea Mitre costar\u00e1n 3.559 pesos.<\/p>\n<p>Los servicios comprendidos entre<strong>\u00a0Retiro<\/strong>\u00a0(CABA) y\u00a0<strong>C\u00f3rdoba<\/strong>\u00a0de la l\u00ednea Mitre costar\u00e1n 7.905 pesos.<\/p>\n<p>Los servicios comprendidos entre<strong>\u00a0Retiro<\/strong>\u00a0(CABA) y\u00a0<strong>San Miguel de Tucum\u00e1n<\/strong>\u00a0de la l\u00ednea Mitre costar\u00e1n 12.939 pesos. <strong>(VW)<\/strong><\/p>\n","protected":false},"excerpt":{"rendered":"<p>A la vez, piden a la CGT un nuevo paro general como el del 24 de enero pasado. Tambi\u00e9n desde ma\u00f1ana aumentar\u00e1 el boleto de los trenes de larga distancia.<\/p>\n","protected":false},"author":4,"featured_media":11336,"comment_status":"closed","ping_status":"closed","sticky":false,"template":"","format":"standard","meta":{"_monsterinsights_skip_tracking":false,"_monsterinsights_sitenote_active":false,"_monsterinsights_sitenote_note":"","_monsterinsights_sitenote_category":0,"footnotes":""},"categories":[4],"tags":[5683,5682,3374,1666],"class_list":["post-13640","post","type-post","status-publish","format-standard","has-post-thumbnail","hentry","category-politica","tag-aumento-de-pasajes-larga-distancia","tag-fraternidad","tag-omar-maturano","tag-paro-de-trenes"],"_links":{"self":[{"href":"https:\/\/www.visionweb.com.ar\/index.php?rest_route=\/wp\/v2\/posts\/13640","targetHints":{"allow":["GET"]}}],"collection":[{"href":"https:\/\/www.visionweb.com.ar\/index.php?rest_route=\/wp\/v2\/posts"}],"about":[{"href":"https:\/\/www.visionweb.com.ar\/index.php?rest_route=\/wp\/v2\/types\/post"}],"author":[{"embeddable":true,"href":"https:\/\/www.visionweb.com.ar\/index.php?rest_route=\/wp\/v2\/users\/4"}],"replies":[{"embeddable":true,"href":"https:\/\/www.visionweb.com.ar\/index.php?rest_route=%2Fwp%2Fv2%2Fcomments&post=13640"}],"version-history":[{"count":1,"href":"https:\/\/www.visionweb.com.ar\/index.php?rest_route=\/wp\/v2\/posts\/13640\/revisions"}],"predecessor-version":[{"id":13641,"href":"https:\/\/www.visionweb.com.ar\/index.php?rest_route=\/wp\/v2\/posts\/13640\/revisions\/13641"}],"wp:featuredmedia":[{"embeddable":true,"href":"https:\/\/www.visionweb.com.ar\/index.php?rest_route=\/wp\/v2\/media\/11336"}],"wp:attachment":[{"href":"https:\/\/www.visionweb.com.ar\/index.php?rest_route=%2Fwp%2Fv2%2Fmedia&parent=13640"}],"wp:term":[{"taxonomy":"category","embeddable":true,"href":"https:\/\/www.visionweb.com.ar\/index.php?rest_route=%2Fwp%2Fv2%2Fcategories&post=13640"},{"taxonomy":"post_tag","embeddable":true,"href":"https:\/\/www.visionweb.com.ar\/index.php?rest_route=%2Fwp%2Fv2%2Ftags&post=13640"}],"curies":[{"name":"wp","href":"https:\/\/api.w.org\/{rel}","templated":true}]}}