{"id":13638,"date":"2024-02-20T10:35:42","date_gmt":"2024-02-20T13:35:42","guid":{"rendered":"https:\/\/www.visionweb.com.ar\/?p=13638"},"modified":"2024-02-20T10:35:42","modified_gmt":"2024-02-20T13:35:42","slug":"pobre-aumento-para-los-pobres-jubilados-habra-un-bono-en-marzo-que-recompone-muy-poco","status":"publish","type":"post","link":"https:\/\/www.visionweb.com.ar\/?p=13638","title":{"rendered":"Pobre aumento para los pobres jubilados: Habr\u00e1 un bono en marzo que \u201crecompone\u201d muy poco"},"content":{"rendered":"<p><em><strong>Lo dijo Luis Caputo. El aumento a jubilados ser\u00e1 en torno al 30%, en marzo. Se fijar\u00e1 el monto Salario M\u00ednimo. Asegur\u00f3 adem\u00e1s que podr\u00edan negociar un acuerdo fiscal con las provincias si se aprueba la Ley Bases y destac\u00f3 su gesti\u00f3n por la reducci\u00f3n del d\u00e9ficit.<\/strong><\/em><!--more--><\/p>\n<div id=\"attachment_12669\" style=\"width: 310px\" class=\"wp-caption alignright\"><img loading=\"lazy\" decoding=\"async\" aria-describedby=\"caption-attachment-12669\" class=\"wp-image-12669 size-medium\" src=\"https:\/\/www.visionweb.com.ar\/wp-content\/uploads\/2023\/11\/CAPUTO-300x167.png\" alt=\"\" width=\"300\" height=\"167\" srcset=\"https:\/\/www.visionweb.com.ar\/wp-content\/uploads\/2023\/11\/CAPUTO-300x167.png 300w, https:\/\/www.visionweb.com.ar\/wp-content\/uploads\/2023\/11\/CAPUTO.png 640w\" sizes=\"auto, (max-width: 300px) 100vw, 300px\" \/><p id=\"caption-attachment-12669\" class=\"wp-caption-text\">Ministro de Econom\u00eda Luis Caputo. Foto de archivo<\/p><\/div>\n<p><strong>\u00a0\u00a0\u00a0 E<\/strong>l ministro de Econom\u00eda,\u00a0<strong>Luis Caputo, confirm\u00f3 que en marzo los jubilados van a tener una \u201crecomposici\u00f3n de aproximadamente 30%\u201d y un bono<\/strong>, aunque no detall\u00f3 de qu\u00e9 monto.<\/p>\n<p>El funcionario destac\u00f3 que\u00a0<strong>\u201cen el mes de marzo va a haber una recomposici\u00f3n de aproximadamente 30%, que es lo que da la f\u00f3rmula, m\u00e1s el bono\u201d<\/strong>.<\/p>\n<p>De esta forma, el titular del Palacio de Hacienda destac\u00f3 \u201cla situaci\u00f3n que se hered\u00f3\u201d del gobierno de Alberto Fern\u00e1ndez, en la que \u201cse dec\u00eda que le iba a pagar a los jubilados con las leliqs, y\u00a0las leliqs las multiplicaron por 20 y los jubilados perdieron el 40%\u201d.<\/p>\n<p><strong>Respecto de la Ley de Movilidad Jubilatoria<\/strong>, Caputo fue cr\u00edtico en di\u00e1logo con\u00a0<em>LN+,<\/em>\u00a0y asegur\u00f3 que\u00a0<strong>\u201cno funciona\u201d y que es \u201cpeor para los jubilados\u201d<\/strong>. En ese sentido, argument\u00f3 que con esa f\u00f3rmula, este grupo perder\u00eda \u201centre el 1,6 y 2 puntos de producto\u201d.<\/p>\n<p>\u201cHay que cambiarla\u201d, sentenci\u00f3. \u201cSi seguimos con el juego pol\u00edtico de seguir queriendo hacer uso de la jubilaci\u00f3n y m\u00e1s con lo que hemos visto con la ley, m\u00e1s se demora esto. <strong>Mientras tanto,\u00a0vamos a seguir d\u00e1ndole un bono y tratar de proteger la capacidad de compra<\/strong>\u201d, cerr\u00f3.<\/p>\n<p><strong>Inflaci\u00f3n y salario m\u00ednimo:<\/strong><\/p>\n<p>El ministro de econom\u00eda, dijo que\u00a0<strong>la inflaci\u00f3n de febrero podr\u00eda estar \u201cm\u00e1s cerca del 10% que del 20%\u201d\u00a0<\/strong>y asever\u00f3 que en las pr\u00f3ximas horas\u00a0<strong>\u201cse va a fijar el monto del salario m\u00ednimo\u201d<\/strong>.<\/p>\n<p>En esa l\u00ednea, subray\u00f3 que pasar\u00eda a $180.000 en febrero y $202.000 en marzo. \u201cEs un valor de referencia, son las consecuencias de todo lo que hemos vivido\u201d, dijo.<\/p>\n<p><strong>D\u00e9ficit fiscal:<\/strong><\/p>\n<p>En esa l\u00ednea Caputo dijo que el Gobierno le<strong>\u00a0propondr\u00eda a las provincias \u201cllegar a un acuerdo fiscal\u201d,\u00a0<\/strong>si negocian que se vuelva a tratar y\u00a0<strong>aprobar la Ley Bases<\/strong>, que volvi\u00f3 a comisi\u00f3n tras su paso por la c\u00e1mara de Diputados.<\/p>\n<p>El funcionario se refiri\u00f3 tambi\u00e9n al\u00a0<strong>d\u00e9ficit fiscal y ponder\u00f3 su gesti\u00f3n.<\/strong>\u00a0\u201cFuimos por d\u00e9cadas un pa\u00eds adicto al d\u00e9ficit y estamos en rehabilitaci\u00f3n, y la rehabilitaci\u00f3n es dura\u201d, indic\u00f3, y a\u00f1adi\u00f3:\u00a0<strong>\u201cNo hay antecedente mundial de una reducci\u00f3n de cinco puntos de d\u00e9ficit en un mes, y lo que eso muestra es el compromiso del Presidente con lo que nos hemos comprometido\u201d.<\/strong><\/p>\n<p>\u201cEst\u00e1bamos horrible y nos estrell\u00e1bamos, pero cambiamos el rumbo y es una diferencia enorme. Va a haber que tener paciencia, hay que apretarse el cintur\u00f3n, no tengan duda que de esta se sale, estamos haciendo los deberes y cuando hac\u00e9s los deberes, te va bien\u201d, apunt\u00f3. <strong>(VW)\u00a0<\/strong><\/p>\n","protected":false},"excerpt":{"rendered":"<p>Lo dijo Luis Caputo. El aumento a jubilados ser\u00e1 en torno al 30%, en marzo. Se fijar\u00e1 el monto Salario M\u00ednimo. Asegur\u00f3 adem\u00e1s que podr\u00edan negociar un acuerdo fiscal con las provincias si se&#46;&#46;&#46;<\/p>\n","protected":false},"author":4,"featured_media":12669,"comment_status":"closed","ping_status":"closed","sticky":false,"template":"","format":"standard","meta":{"_monsterinsights_skip_tracking":false,"_monsterinsights_sitenote_active":false,"_monsterinsights_sitenote_note":"","_monsterinsights_sitenote_category":0,"footnotes":""},"categories":[6,4],"tags":[3959,5681,5355,1926],"class_list":["post-13638","post","type-post","status-publish","format-standard","has-post-thumbnail","hentry","category-economia","category-politica","tag-aumento-a-jubilados","tag-deficit-fiscal","tag-luis-caputo","tag-salario-minimo"],"_links":{"self":[{"href":"https:\/\/www.visionweb.com.ar\/index.php?rest_route=\/wp\/v2\/posts\/13638","targetHints":{"allow":["GET"]}}],"collection":[{"href":"https:\/\/www.visionweb.com.ar\/index.php?rest_route=\/wp\/v2\/posts"}],"about":[{"href":"https:\/\/www.visionweb.com.ar\/index.php?rest_route=\/wp\/v2\/types\/post"}],"author":[{"embeddable":true,"href":"https:\/\/www.visionweb.com.ar\/index.php?rest_route=\/wp\/v2\/users\/4"}],"replies":[{"embeddable":true,"href":"https:\/\/www.visionweb.com.ar\/index.php?rest_route=%2Fwp%2Fv2%2Fcomments&post=13638"}],"version-history":[{"count":1,"href":"https:\/\/www.visionweb.com.ar\/index.php?rest_route=\/wp\/v2\/posts\/13638\/revisions"}],"predecessor-version":[{"id":13639,"href":"https:\/\/www.visionweb.com.ar\/index.php?rest_route=\/wp\/v2\/posts\/13638\/revisions\/13639"}],"wp:featuredmedia":[{"embeddable":true,"href":"https:\/\/www.visionweb.com.ar\/index.php?rest_route=\/wp\/v2\/media\/12669"}],"wp:attachment":[{"href":"https:\/\/www.visionweb.com.ar\/index.php?rest_route=%2Fwp%2Fv2%2Fmedia&parent=13638"}],"wp:term":[{"taxonomy":"category","embeddable":true,"href":"https:\/\/www.visionweb.com.ar\/index.php?rest_route=%2Fwp%2Fv2%2Fcategories&post=13638"},{"taxonomy":"post_tag","embeddable":true,"href":"https:\/\/www.visionweb.com.ar\/index.php?rest_route=%2Fwp%2Fv2%2Ftags&post=13638"}],"curies":[{"name":"wp","href":"https:\/\/api.w.org\/{rel}","templated":true}]}}