{"id":13634,"date":"2024-02-19T12:46:50","date_gmt":"2024-02-19T15:46:50","guid":{"rendered":"https:\/\/www.visionweb.com.ar\/?p=13634"},"modified":"2024-02-19T12:46:50","modified_gmt":"2024-02-19T15:46:50","slug":"el-gobierno-nacional-confirmo-la-desregulacion-de-las-obras-sociales","status":"publish","type":"post","link":"https:\/\/www.visionweb.com.ar\/?p=13634","title":{"rendered":"El gobierno nacional confirm\u00f3 la desregulaci\u00f3n de las obras sociales"},"content":{"rendered":"<p><em><strong>Los cambios en el sistema de obras sociales abarca un universo de 14 millones de trabajadores.<\/strong><\/em><!--more--><\/p>\n<p><strong><img loading=\"lazy\" decoding=\"async\" class=\"size-medium wp-image-39 alignright\" src=\"https:\/\/www.visionweb.com.ar\/wp-content\/uploads\/2020\/07\/SOCIEDAD-MEDICOS-SALUD-300x150.png\" alt=\"\" width=\"300\" height=\"150\" srcset=\"https:\/\/www.visionweb.com.ar\/wp-content\/uploads\/2020\/07\/SOCIEDAD-MEDICOS-SALUD-300x150.png 300w, https:\/\/www.visionweb.com.ar\/wp-content\/uploads\/2020\/07\/SOCIEDAD-MEDICOS-SALUD.png 640w\" sizes=\"auto, (max-width: 300px) 100vw, 300px\" \/>\u00a0\u00a0 E<\/strong>l Gobierno nacional\u00a0<strong>reglamentar\u00e1 <\/strong>en las pr\u00f3ximas horas<strong> el decreto que establece la libertad de elecci\u00f3n de obras sociales desde el comienzo de una relaci\u00f3n laboral, <\/strong>lo confirm\u00f3 este lunes el vocero presidencial,\u00a0Manuel Adorni.<\/p>\n<p><strong>\u201cLos trabajadores tendr\u00e1n la libertad de derivar sus aportes a la obra social o prepaga que elijan desde el inicio de la contrataci\u00f3n\u201d<\/strong>, dijo Adorni en su habitual conferencia en Casa Rosada.<\/p>\n<p>En otras palabras, Adorni, inform\u00f3 que en las pr\u00f3ximas horas el Gobierno reglamentar\u00e1 el decreto que <strong>establece la libertad de elecci\u00f3n de obras sociales desde el comienzo de una relaci\u00f3n laboral<\/strong>.<\/p>\n<p>Seg\u00fan explicaron desde Balcarce 50, los beneficiarios podr\u00e1n elegir una obra social o prepaga -que se registre para tal fin- al comenzar un nuevo empleo, sin ning\u00fan tipo de intermediaci\u00f3n. Dicha elecci\u00f3n podr\u00e1 realizarse una vez al a\u00f1o, en cualquier momento desde el inicio de la relaci\u00f3n laboral.<\/p>\n<p>Sobre este \u00faltimo punto, en el Gobierno se\u00f1alaron que el objetivo es<strong>\u00a0\u00abtransparentar\u00bb\u00a0<\/strong>el trabajo de las entidades, y al mismo tiempo recordaron que \u00ab<strong>Milei est\u00e1 convencido de que hay que ir a fondo en contra de los<\/strong>\u00a0<strong>gremios<\/strong>\u00ab.<\/p>\n<p>La<strong>\u00a0Superintendencia de Servicios de Salud (SSS)<\/strong>\u00a0es el organismo del Estado que liderar\u00e1 este proceso de cambio que impactar\u00e1 en m\u00e1s de 14 millones de trabajadores que abarcan a los que est\u00e1n en relaci\u00f3n de dependencia en el sector p\u00fablico y privado, los sindicalizados, los monotributistas, las empleadas dom\u00e9sticas y los m\u00e1s de 5 millones de personas que pertenecen al llamado sistema general.<\/p>\n<p>El resto de los argentinos que est\u00e1n dentro del sistema de salud privado seguir\u00e1n recibiendo sus prestaciones de salud de acuerdo a los contratos privados vigentes entre las prepagas y los beneficiarios. <strong>(VW)<\/strong><\/p>\n","protected":false},"excerpt":{"rendered":"<p>Los cambios en el sistema de obras sociales abarca un universo de 14 millones de trabajadores.<\/p>\n","protected":false},"author":4,"featured_media":39,"comment_status":"closed","ping_status":"closed","sticky":false,"template":"","format":"standard","meta":{"_monsterinsights_skip_tracking":false,"_monsterinsights_sitenote_active":false,"_monsterinsights_sitenote_note":"","_monsterinsights_sitenote_category":0,"footnotes":""},"categories":[8,5],"tags":[5402,5390,4424,3791],"class_list":["post-13634","post","type-post","status-publish","format-standard","has-post-thumbnail","hentry","category-interes-general","category-sociedad","tag-adorni","tag-desregulacion","tag-obras-sociales","tag-reglamentacion"],"_links":{"self":[{"href":"https:\/\/www.visionweb.com.ar\/index.php?rest_route=\/wp\/v2\/posts\/13634","targetHints":{"allow":["GET"]}}],"collection":[{"href":"https:\/\/www.visionweb.com.ar\/index.php?rest_route=\/wp\/v2\/posts"}],"about":[{"href":"https:\/\/www.visionweb.com.ar\/index.php?rest_route=\/wp\/v2\/types\/post"}],"author":[{"embeddable":true,"href":"https:\/\/www.visionweb.com.ar\/index.php?rest_route=\/wp\/v2\/users\/4"}],"replies":[{"embeddable":true,"href":"https:\/\/www.visionweb.com.ar\/index.php?rest_route=%2Fwp%2Fv2%2Fcomments&post=13634"}],"version-history":[{"count":1,"href":"https:\/\/www.visionweb.com.ar\/index.php?rest_route=\/wp\/v2\/posts\/13634\/revisions"}],"predecessor-version":[{"id":13635,"href":"https:\/\/www.visionweb.com.ar\/index.php?rest_route=\/wp\/v2\/posts\/13634\/revisions\/13635"}],"wp:featuredmedia":[{"embeddable":true,"href":"https:\/\/www.visionweb.com.ar\/index.php?rest_route=\/wp\/v2\/media\/39"}],"wp:attachment":[{"href":"https:\/\/www.visionweb.com.ar\/index.php?rest_route=%2Fwp%2Fv2%2Fmedia&parent=13634"}],"wp:term":[{"taxonomy":"category","embeddable":true,"href":"https:\/\/www.visionweb.com.ar\/index.php?rest_route=%2Fwp%2Fv2%2Fcategories&post=13634"},{"taxonomy":"post_tag","embeddable":true,"href":"https:\/\/www.visionweb.com.ar\/index.php?rest_route=%2Fwp%2Fv2%2Ftags&post=13634"}],"curies":[{"name":"wp","href":"https:\/\/api.w.org\/{rel}","templated":true}]}}