{"id":13632,"date":"2024-02-19T12:12:09","date_gmt":"2024-02-19T15:12:09","guid":{"rendered":"https:\/\/www.visionweb.com.ar\/?p=13632"},"modified":"2024-02-19T12:12:09","modified_gmt":"2024-02-19T15:12:09","slug":"ayuda-escolar-el-gobierno-oficializo-hoy-el-aumento-de-311","status":"publish","type":"post","link":"https:\/\/www.visionweb.com.ar\/?p=13632","title":{"rendered":"Ayuda Escolar: El Gobierno oficializ\u00f3 hoy el aumento de 311%"},"content":{"rendered":"<p><em><strong>Hoy se public\u00f3 el decreto en el Bolet\u00edn Oficial. Los montos del beneficio que reciben m\u00e1s de 7,3 millones de estudiantes del pa\u00eds suben a $70.000 este a\u00f1o.<\/strong><\/em><!--more--><\/p>\n<p><strong><img loading=\"lazy\" decoding=\"async\" class=\"size-medium wp-image-13502 alignright\" src=\"https:\/\/www.visionweb.com.ar\/wp-content\/uploads\/2024\/02\/Canasta-escolar-24-300x199.png\" alt=\"\" width=\"300\" height=\"199\" srcset=\"https:\/\/www.visionweb.com.ar\/wp-content\/uploads\/2024\/02\/Canasta-escolar-24-300x199.png 300w, https:\/\/www.visionweb.com.ar\/wp-content\/uploads\/2024\/02\/Canasta-escolar-24.png 482w\" sizes=\"auto, (max-width: 300px) 100vw, 300px\" \/>\u00a0\u00a0\u00a0 E<\/strong>n medio de la disparada de precios y en la antesala del inicio de un nuevo ciclo lectivo, el gobierno de<strong>\u00a0Javier Milei<\/strong>\u00a0oficializ\u00f3 este lunes la\u00a0<strong>suba de 17 mil a 70 mil pesos de la Asignaci\u00f3n por Ayuda Escolar<\/strong> para la educaci\u00f3n inicial, general b\u00e1sica y polimodal, lo cual traduce<strong> un aumento del <\/strong><strong>311 %<\/strong>.<\/p>\n<p>A trav\u00e9s del\u00a0<a href=\"https:\/\/www.boletinoficial.gob.ar\/detalleAviso\/primera\/302774\/20240219\">Decreto 150\/2024<\/a>\u00a0publicado este lunes en el\u00a0<strong>Bolet\u00edn Oficial<\/strong>, con la firma del presidente<strong>\u00a0Javier Milei<\/strong>, el jefe de Gabinete\u00a0<strong>Nicol\u00e1s Posse<\/strong>\u00a0y la ministra de Capital Humano\u00a0<strong>Sandra Pettovello.<\/strong><\/p>\n<p>De esta manera, la administraci\u00f3n nacional inform\u00f3 que \u201ccon el objetivo de paliar los mayores gastos en los que las familias argentinas van a incurrir con motivo del inicio del\u00a0<strong>ciclo lectivo 2024<\/strong>, se torna necesario disponer que el monto de la\u00a0<strong>Asignaci\u00f3n por Ayuda Escolar Anual<\/strong>\u00a0para la educaci\u00f3n inicial, general b\u00e1sica y polimodal ser\u00e1 equivalente a la suma total de $70.000, sin distinci\u00f3n por zonas diferenciales\u201d.<\/p>\n<p>Seg\u00fan se dispuso, \u201cdicho monto abarca la actualizaci\u00f3n prevista en la Ley N\u00b0 27.160, en concepto de la movilidad que resulte corresponder para el mensual marzo de 2024\u2033; y se ejecuta debido a que actualmente \u201c<strong>el pa\u00eds se encuentra atravesando una situaci\u00f3n de in\u00e9dita gravedad, generadora de profundos desequilibrios que impactan negativamente en toda la poblaci\u00f3n, en especial en lo social y econ\u00f3mico<\/strong>\u201d.<\/p>\n<p>Podr\u00e1n acceder a la Asignaci\u00f3n por Ayuda Escolar \u00ablos trabajadores que presten servicios remunerados en relaci\u00f3n de dependencia en la actividad privada y p\u00fablica nacional; para los beneficiarios de la Ley de Riesgos de Trabajo y del Seguro de Desempleo. De la misma manera, comprende\u00a0a\u00a0las personas inscriptas y aportantes al R\u00e9gimen Simplificado para Peque\u00f1os Contribuyentes (RS); para los beneficiarios del Sistema Integrado Previsional Argentino (SIPA); as\u00ed como tambi\u00e9n de la Asignaci\u00f3n por Embarazo para Protecci\u00f3n Social y de la Asignaci\u00f3n Universal por Hijo para Protecci\u00f3n Social\u201d.<\/p>\n<p>La ayuda escolar consiste en el\u00a0pago de una suma de dinero que se hace efectiva todos los a\u00f1os en el mes de marzo. Se abona por cada hijo que concurra regularmente a la escuela, cualquiera sea su edad, y si concurre tanto a establecimientos oficiales o privados donde se imparte educaci\u00f3n diferencial.<\/p>\n<p><strong>A quienes abarca:<\/strong><\/p>\n<p>Pueden solicitar la Ayuda Escolar las\u00a0<strong>familias que reciben una Asignaci\u00f3n Familiar o Universal, tengan hijos a partir de los 45 d\u00edas y hasta el mes que cumplan 18 a\u00f1os y que concurran a la escuela<\/strong>, ya sea nivel inicial, primario o secundario\/polimodal.<\/p>\n<p>En caso de familias\u00a0<strong>con hijos con discapacidad<\/strong>\u00a0que reciban una educaci\u00f3n especial, concurran a talleres protegidos, centros de rehabilitaci\u00f3n o que reciban el apoyo de maestros particulares matriculados,\u00a0<strong>la ayuda no tiene l\u00edmite de edad<\/strong>.<\/p>\n<p><strong>Hasta qu\u00e9 montos corresponde la Ayuda Escolar:<\/strong><\/p>\n<ul>\n<li><strong>Tope M\u00e1ximo de Ingreso del Grupo Familiar $ 3.960.000.- (bruto)<\/strong><\/li>\n<\/ul>\n<ul>\n<li><strong>Tope M\u00e1ximo de cada integrante del Grupo Familiar $ 1.980.000.- (bruto)<\/strong><\/li>\n<\/ul>\n<p><strong>C\u00f3mo solicitar la ayuda escolar:<\/strong><\/p>\n<p>La ayuda se solicita ingresando al\u00a0<a href=\"https:\/\/www.anses.gob.ar\/mi-anses\">sitio web Mi Anses<\/a>, con CUIL y Clave de la Seguridad Social. Hay que elegir la opci\u00f3n Hijos y a continuaci\u00f3n Presentar un certificado escolar para generar el formulario para cada uno de los hijos.<\/p>\n<p>Una vez impreso, se deber\u00e1 llevar el formulario a la escuela para que la instituci\u00f3n complete todos los datos y la firme. Luego se deber\u00e1 sacar una foto y subirla a Mi Anses<\/p>\n<p>Para cobrar la Ayuda Escolar todos los a\u00f1os\u00a0<strong>es necesario que la familia acredite la escolaridad de sus hijos antes del 31 de diciembre<\/strong>, para poder percibirla en marzo. De todas maneras, el tr\u00e1mite puede realizarse en el inicio de clases y el cobro se producir\u00eda dentro de los 60 d\u00edas. <strong>(VW)<\/strong><\/p>\n<p>&nbsp;<\/p>\n","protected":false},"excerpt":{"rendered":"<p>Hoy se public\u00f3 el decreto en el Bolet\u00edn Oficial. Los montos del beneficio que reciben m\u00e1s de 7,3 millones de estudiantes del pa\u00eds suben a $70.000 este a\u00f1o.<\/p>\n","protected":false},"author":4,"featured_media":13502,"comment_status":"closed","ping_status":"closed","sticky":false,"template":"","format":"standard","meta":{"_monsterinsights_skip_tracking":false,"_monsterinsights_sitenote_active":false,"_monsterinsights_sitenote_note":"","_monsterinsights_sitenote_category":0,"footnotes":""},"categories":[6,5],"tags":[5678,3471,500],"class_list":["post-13632","post","type-post","status-publish","format-standard","has-post-thumbnail","hentry","category-economia","category-sociedad","tag-aumento-del-311","tag-ayuda-escolar","tag-decreto"],"_links":{"self":[{"href":"https:\/\/www.visionweb.com.ar\/index.php?rest_route=\/wp\/v2\/posts\/13632","targetHints":{"allow":["GET"]}}],"collection":[{"href":"https:\/\/www.visionweb.com.ar\/index.php?rest_route=\/wp\/v2\/posts"}],"about":[{"href":"https:\/\/www.visionweb.com.ar\/index.php?rest_route=\/wp\/v2\/types\/post"}],"author":[{"embeddable":true,"href":"https:\/\/www.visionweb.com.ar\/index.php?rest_route=\/wp\/v2\/users\/4"}],"replies":[{"embeddable":true,"href":"https:\/\/www.visionweb.com.ar\/index.php?rest_route=%2Fwp%2Fv2%2Fcomments&post=13632"}],"version-history":[{"count":1,"href":"https:\/\/www.visionweb.com.ar\/index.php?rest_route=\/wp\/v2\/posts\/13632\/revisions"}],"predecessor-version":[{"id":13633,"href":"https:\/\/www.visionweb.com.ar\/index.php?rest_route=\/wp\/v2\/posts\/13632\/revisions\/13633"}],"wp:featuredmedia":[{"embeddable":true,"href":"https:\/\/www.visionweb.com.ar\/index.php?rest_route=\/wp\/v2\/media\/13502"}],"wp:attachment":[{"href":"https:\/\/www.visionweb.com.ar\/index.php?rest_route=%2Fwp%2Fv2%2Fmedia&parent=13632"}],"wp:term":[{"taxonomy":"category","embeddable":true,"href":"https:\/\/www.visionweb.com.ar\/index.php?rest_route=%2Fwp%2Fv2%2Fcategories&post=13632"},{"taxonomy":"post_tag","embeddable":true,"href":"https:\/\/www.visionweb.com.ar\/index.php?rest_route=%2Fwp%2Fv2%2Ftags&post=13632"}],"curies":[{"name":"wp","href":"https:\/\/api.w.org\/{rel}","templated":true}]}}