{"id":13626,"date":"2024-02-19T11:04:18","date_gmt":"2024-02-19T14:04:18","guid":{"rendered":"https:\/\/www.visionweb.com.ar\/?p=13626"},"modified":"2024-02-19T11:04:18","modified_gmt":"2024-02-19T14:04:18","slug":"una-nueva-ola-de-mosquitos-invadio-el-amba","status":"publish","type":"post","link":"https:\/\/www.visionweb.com.ar\/?p=13626","title":{"rendered":"Una nueva ola de mosquitos invadi\u00f3 el Amba"},"content":{"rendered":"<p><strong><em>Durante el transcurso del fin de semana la ciudad y el conurbano sufrieron una \u00abinvasi\u00f3n\u00bb de mosquitos que se hizo sentir con igual intensidad en todos los barrios.<\/em><\/strong><em> <strong>La especie Aedes albifasciatus gener\u00f3 sorpresa al inicio del verano. Se habr\u00eda sumado la especie Psorophora ciliata.<\/strong><\/em><!--more--><\/p>\n<p><strong><img loading=\"lazy\" decoding=\"async\" class=\"size-medium wp-image-13238 alignright\" src=\"https:\/\/www.visionweb.com.ar\/wp-content\/uploads\/2024\/01\/mosquitos-3-300x230.png\" alt=\"\" width=\"300\" height=\"230\" srcset=\"https:\/\/www.visionweb.com.ar\/wp-content\/uploads\/2024\/01\/mosquitos-3-300x230.png 300w, https:\/\/www.visionweb.com.ar\/wp-content\/uploads\/2024\/01\/mosquitos-3.png 419w\" sizes=\"auto, (max-width: 300px) 100vw, 300px\" \/>\u00a0\u00a0 E<\/strong>n las \u00faltimas 48 horas apareci\u00f3 una ola de mosquitos que encendi\u00f3 las alarmas del conurbano bonaerense, ya que\u00a0<strong>despu\u00e9s de la ola de calor y las intensas lluvias,<\/strong>\u00a0estos insectos aparecieron en forma masiva.<\/p>\n<p>Ya a fines de diciembre y durante las primeras semanas de enero,\u00a0<strong>una ola de mosquitos de la especie Aedes albifasciatus afect\u00f3 a distritos del \u00c1rea Metropolitana de Buenos Aires (AMBA) y a la Ciudad de Buenos Aires.<\/strong><\/p>\n<p>En las \u00faltimas horas, Este mosquito, que habita en zonas rurales o periurbanas,\u00a0<strong>se mueve en colonias de gran cantidad de individuos, es m\u00e1s agresivo en la picadura y, adem\u00e1s, es vector de la Encefalomielitis Equina del Oeste (EEO),<\/strong>\u00a0enfermedad que afecta a varias provincias.<\/p>\n<p>De esta manera, los especialistas estiman que, tras la ola de calor, sumada a la lluvia y la humedad, con esta nueva\u00a0<strong>invasi\u00f3n de mosquitos<\/strong>\u00a0volvieron los conocidos popularmente como \u201cde inundaci\u00f3n\u201d, denominados por la ciencia como \u201cAedes albifasciatus\u201d. Este es el mosquito que transmite la Encefalomielitis Equina del Oeste (EEO), enfermedad que afecta a los caballos y que tambi\u00e9n puede infectar a seres humanos.<\/p>\n<p>En tanto, las tormentas con precipitaciones copiosas que producen anegamientos y encharcamientos temporarios, contribuyen a la proliferaci\u00f3n de esta especie de mosquito, llamada \u201cde la inundaci\u00f3n\u201d o \u201cplaga\u201d, ya que justamente\u00a0<strong>el agua puede avivar los reservorios de huevos que hayan quedado en zonas secas y en estado de latencia.<\/strong><\/p>\n<p>Otra especie que estar\u00eda circulando y que tiene h\u00e1bitos de cr\u00eda similares es el\u00a0<strong>Psorophora ciliata,<\/strong>\u00a0que pone los huevos en zonas encharcadas, aunque<strong> no es vector del dengue,<\/strong> <strong>aunque los especialistas alertaron por la encefalitis equina.\u00a0<\/strong><\/p>\n<p>De este modo,\u00a0<strong>las intensas lluvias que se han registrado desde la semana pasada en todo el territorio bonaerense es posible que hayan reavivado los criaderos de las especies mencionadas, que se cr\u00edan en zonas de charcos o inundadas.<\/strong><\/p>\n<p>Recomendaciones:<\/p>\n<p>Ante la proliferaci\u00f3n de una nueva ola de estos insectos, se recomienda\u00a0<strong>usar repelentes, espirales en los hogares, ropa clara que pueda cubrir el cuerpo y estrategias de fumigaci\u00f3n a nivel comunitario.<\/strong><\/p>\n<p>Cabe remarcar que es dif\u00edcil conseguir repelentes, o se consiguen s\u00f3lo los m\u00e1s caros, a la vez que los precios siguen sin freno, factores que complican radicalmente el panorama.\u00a0<strong>(VW)<\/strong><\/p>\n","protected":false},"excerpt":{"rendered":"<p>Durante el transcurso del fin de semana la ciudad y el conurbano sufrieron una \u00abinvasi\u00f3n\u00bb de mosquitos que se hizo sentir con igual intensidad en todos los barrios. La especie Aedes albifasciatus gener\u00f3 sorpresa&#46;&#46;&#46;<\/p>\n","protected":false},"author":4,"featured_media":13238,"comment_status":"closed","ping_status":"closed","sticky":false,"template":"","format":"standard","meta":{"_monsterinsights_skip_tracking":false,"_monsterinsights_sitenote_active":false,"_monsterinsights_sitenote_note":"","_monsterinsights_sitenote_category":0,"footnotes":""},"categories":[8],"tags":[1524,5675,4026],"class_list":["post-13626","post","type-post","status-publish","format-standard","has-post-thumbnail","hentry","category-interes-general","tag-conurbano","tag-ola-de-mosquitos","tag-recomendaciones-y-cuidados"],"_links":{"self":[{"href":"https:\/\/www.visionweb.com.ar\/index.php?rest_route=\/wp\/v2\/posts\/13626","targetHints":{"allow":["GET"]}}],"collection":[{"href":"https:\/\/www.visionweb.com.ar\/index.php?rest_route=\/wp\/v2\/posts"}],"about":[{"href":"https:\/\/www.visionweb.com.ar\/index.php?rest_route=\/wp\/v2\/types\/post"}],"author":[{"embeddable":true,"href":"https:\/\/www.visionweb.com.ar\/index.php?rest_route=\/wp\/v2\/users\/4"}],"replies":[{"embeddable":true,"href":"https:\/\/www.visionweb.com.ar\/index.php?rest_route=%2Fwp%2Fv2%2Fcomments&post=13626"}],"version-history":[{"count":1,"href":"https:\/\/www.visionweb.com.ar\/index.php?rest_route=\/wp\/v2\/posts\/13626\/revisions"}],"predecessor-version":[{"id":13627,"href":"https:\/\/www.visionweb.com.ar\/index.php?rest_route=\/wp\/v2\/posts\/13626\/revisions\/13627"}],"wp:featuredmedia":[{"embeddable":true,"href":"https:\/\/www.visionweb.com.ar\/index.php?rest_route=\/wp\/v2\/media\/13238"}],"wp:attachment":[{"href":"https:\/\/www.visionweb.com.ar\/index.php?rest_route=%2Fwp%2Fv2%2Fmedia&parent=13626"}],"wp:term":[{"taxonomy":"category","embeddable":true,"href":"https:\/\/www.visionweb.com.ar\/index.php?rest_route=%2Fwp%2Fv2%2Fcategories&post=13626"},{"taxonomy":"post_tag","embeddable":true,"href":"https:\/\/www.visionweb.com.ar\/index.php?rest_route=%2Fwp%2Fv2%2Ftags&post=13626"}],"curies":[{"name":"wp","href":"https:\/\/api.w.org\/{rel}","templated":true}]}}