{"id":13623,"date":"2024-02-19T10:16:35","date_gmt":"2024-02-19T13:16:35","guid":{"rendered":"https:\/\/www.visionweb.com.ar\/?p=13623"},"modified":"2024-02-19T10:16:35","modified_gmt":"2024-02-19T13:16:35","slug":"reunion-bilateral-kicillof-recibio-al-embajador-de-china-en-la-plata","status":"publish","type":"post","link":"https:\/\/www.visionweb.com.ar\/?p=13623","title":{"rendered":"Reuni\u00f3n bilateral: Kicillof recibi\u00f3 al embajador de China en La Plata"},"content":{"rendered":"<p><strong><em>El encuentro se llev\u00f3 a cabo el s\u00e1bado en casa de Gobierno con motivo del festejo del a\u00f1o nuevo chino. Alak\u00a0distingui\u00f3 al diplom\u00e1tico y\u00a0lo declar\u00f3 \u201cVisitante Ilustre\u201d del Partido de La Plata.<\/em><\/strong><!--more--><\/p>\n<p><strong> <img loading=\"lazy\" decoding=\"async\" class=\"size-medium wp-image-13624 alignright\" src=\"https:\/\/www.visionweb.com.ar\/wp-content\/uploads\/2024\/02\/kicillof-y-embajador-chino-300x180.png\" alt=\"\" width=\"300\" height=\"180\" srcset=\"https:\/\/www.visionweb.com.ar\/wp-content\/uploads\/2024\/02\/kicillof-y-embajador-chino-300x180.png 300w, https:\/\/www.visionweb.com.ar\/wp-content\/uploads\/2024\/02\/kicillof-y-embajador-chino.png 599w\" sizes=\"auto, (max-width: 300px) 100vw, 300px\" \/>\u00a0\u00a0 E<\/strong>l gobernador bonaerense,\u00a0<strong>Axel Kicillof<\/strong>, se reuni\u00f3 con el embajador de la Rep\u00fablica Popular China en la Argentina,\u00a0<strong>Wang Wei<\/strong>, para <strong>potenciar la relaci\u00f3n pol\u00edtica y comercial entre el pa\u00eds asi\u00e1tico y la provincia<\/strong>, se inform\u00f3 oficialmente.<\/p>\n<p>El encuentro se llev\u00f3 a cabo el s\u00e1bado en casa de Gobierno en pleno festejo del a\u00f1o nuevo chino\u00a0en la ciudad de La Plata,\u00a0el gobernador estuvo acompa\u00f1ado por el ministro de Gobierno, Carlos Bianco; el asesor general, Santiago P\u00e9rez Teruel; y el intendente de La Plata, Julio Alak.<\/p>\n<p><strong>\u201cProfundizar nuestros v\u00ednculos bilaterales es fundamental para el desarrollo bonaerense\u201d,<\/strong>\u00a0expres\u00f3 Kicillof en un mensaje publicado en su cuenta en la red social X.<\/p>\n<p><strong>Distinci\u00f3n:<\/strong><\/p>\n<p>La visita de la autoridad diplom\u00e1tica se desarroll\u00f3 con motivo de la celebraci\u00f3n del A\u00f1o Nuevo Chino, que se llev\u00f3 a cabo en el Paseo del Bosque platense.<\/p>\n<p>Por su parte, el\u00a0<strong>intendente de La Plata\u00a0<\/strong>expres\u00f3 que fue un\u00a0<strong>\u201chonor recibir al embajador Wang Wei\u201d<\/strong>\u00a0en la capital de la provincia porque el encuentro \u201crepresenta una oportunidad para continuar fomentando las relaciones de hermandad entre el pueblo chino y el argentino\u201d.<\/p>\n<p><strong>Alak<\/strong>\u00a0distingui\u00f3 de manera especial al diplom\u00e1tico por su permanencia en la ciudad y\u00a0<strong>lo declar\u00f3 \u201cVisitante Ilustre\u201d del Partido de La Plata<\/strong>, se inform\u00f3 en un comunicado.<\/p>\n<p>Participaron unas 250.000 personas de los festejos por el A\u00f1o Nuevo Chino, considerado uno de los eventos m\u00e1s convocantes de la ciudad.<\/p>\n<p>La tradicional celebraci\u00f3n ofreci\u00f3, de forma libre y gratuita, m\u00e1s de 25 espect\u00e1culos en vivo, actividades para todas las edades y feria de emprendedores, entre otras propuestas.<\/p>\n<p>Adem\u00e1s, miles de visitantes participaron de diversas expresiones de la cultura asi\u00e1tica como la Danza de Dragones y Leones, desfiles de trajes imperiales y espect\u00e1culos de bailes tradicionales. <strong>(VW)<\/strong><\/p>\n<p>&nbsp;<\/p>\n","protected":false},"excerpt":{"rendered":"<p>El encuentro se llev\u00f3 a cabo el s\u00e1bado en casa de Gobierno con motivo del festejo del a\u00f1o nuevo chino. Alak\u00a0distingui\u00f3 al diplom\u00e1tico y\u00a0lo declar\u00f3 \u201cVisitante Ilustre\u201d del Partido de La Plata.<\/p>\n","protected":false},"author":4,"featured_media":13624,"comment_status":"closed","ping_status":"closed","sticky":false,"template":"","format":"standard","meta":{"_monsterinsights_skip_tracking":false,"_monsterinsights_sitenote_active":false,"_monsterinsights_sitenote_note":"","_monsterinsights_sitenote_category":0,"footnotes":""},"categories":[4],"tags":[5674,5672,167,5673],"class_list":["post-13623","post","type-post","status-publish","format-standard","has-post-thumbnail","hentry","category-politica","tag-ano-nuevo-chino","tag-embajador-de-china","tag-kicillof","tag-reunion-en-la-plata"],"_links":{"self":[{"href":"https:\/\/www.visionweb.com.ar\/index.php?rest_route=\/wp\/v2\/posts\/13623","targetHints":{"allow":["GET"]}}],"collection":[{"href":"https:\/\/www.visionweb.com.ar\/index.php?rest_route=\/wp\/v2\/posts"}],"about":[{"href":"https:\/\/www.visionweb.com.ar\/index.php?rest_route=\/wp\/v2\/types\/post"}],"author":[{"embeddable":true,"href":"https:\/\/www.visionweb.com.ar\/index.php?rest_route=\/wp\/v2\/users\/4"}],"replies":[{"embeddable":true,"href":"https:\/\/www.visionweb.com.ar\/index.php?rest_route=%2Fwp%2Fv2%2Fcomments&post=13623"}],"version-history":[{"count":1,"href":"https:\/\/www.visionweb.com.ar\/index.php?rest_route=\/wp\/v2\/posts\/13623\/revisions"}],"predecessor-version":[{"id":13625,"href":"https:\/\/www.visionweb.com.ar\/index.php?rest_route=\/wp\/v2\/posts\/13623\/revisions\/13625"}],"wp:featuredmedia":[{"embeddable":true,"href":"https:\/\/www.visionweb.com.ar\/index.php?rest_route=\/wp\/v2\/media\/13624"}],"wp:attachment":[{"href":"https:\/\/www.visionweb.com.ar\/index.php?rest_route=%2Fwp%2Fv2%2Fmedia&parent=13623"}],"wp:term":[{"taxonomy":"category","embeddable":true,"href":"https:\/\/www.visionweb.com.ar\/index.php?rest_route=%2Fwp%2Fv2%2Fcategories&post=13623"},{"taxonomy":"post_tag","embeddable":true,"href":"https:\/\/www.visionweb.com.ar\/index.php?rest_route=%2Fwp%2Fv2%2Ftags&post=13623"}],"curies":[{"name":"wp","href":"https:\/\/api.w.org\/{rel}","templated":true}]}}