{"id":13621,"date":"2024-02-16T10:55:19","date_gmt":"2024-02-16T13:55:19","guid":{"rendered":"https:\/\/www.visionweb.com.ar\/?p=13621"},"modified":"2024-02-16T10:55:19","modified_gmt":"2024-02-16T13:55:19","slug":"kicillof-cerro-un-20-de-aumento-con-estatales-y-docentes","status":"publish","type":"post","link":"https:\/\/www.visionweb.com.ar\/?p=13621","title":{"rendered":"Kicillof cerr\u00f3 un 20% de aumento con estatales y docentes"},"content":{"rendered":"<p><em><strong>Es sin contar el FONID. Los gremios, m\u00e1s all\u00e1 de aceptar, mantuvieron parte de sus reclamos.<\/strong>\u00a0<\/em><!--more--><\/p>\n<p><img loading=\"lazy\" decoding=\"async\" class=\"size-full wp-image-7277 alignright\" src=\"https:\/\/www.visionweb.com.ar\/wp-content\/uploads\/2022\/09\/clases-en-provincia.bmp\" alt=\"\" width=\"708\" height=\"388\" \/>\u00a0 <strong>E<\/strong>l gobierno de Axel Kicillof acord\u00f3 un <strong>20% de<\/strong>\u00a0<strong>aumento salarial<\/strong>\u00a0con los trabajadores <strong>estatales y los docentes<\/strong>, y en ambos casos, los incrementos se miden contra el salario b\u00e1sico que reg\u00eda en diciembre, por lo que el incremento de bolsillo ser\u00e1 de un 10% en promedio respecto de lo percibido por enero. En el caso de los maestros, se excluye del c\u00e1lculo los fondos del FONID.<\/p>\n<p>Los acuerdos se produjeron durante\u00a0una\u00a0<strong>doble jornada de paritarias<\/strong>, que comenz\u00f3 con los gremios estatales de la llamada \u201cadministraci\u00f3n central\u201d, comprendidos en la ley 10.430.<\/p>\n<p>El incremento, que fue aceptado por <strong>ATE, UPCN y Fegeppba<\/strong>, se suma al 25% del mes pasado, que se pagaba 15% de cierre de la paritaria 2023 y 10 como adelanto de una nueva paritaria, retroactivo a enero, aunque no se cobr\u00f3.<\/p>\n<p><strong>Los gremios, m\u00e1s all\u00e1 de aceptar, mantuvieron parte de sus reclamos<\/strong>, y desde la Federaci\u00f3n de Gremios Estatales y Particulares de la Provincia de Buenos Aires (<strong>Feggepba<\/strong>) indicaron que se reclam\u00f3 por \u201cconcretar los pases a planta permanente de todos los trabajadores de la administraci\u00f3n p\u00fablica\u201d, y por \u201cla restituci\u00f3n del pago del 3% sobre el c\u00e1lculo de la antig\u00fcedad\u201d.<\/p>\n<p>Adem\u00e1s, pidieron <strong>la compensaci\u00f3n en el \u201cpremio jubilatorio<\/strong><strong>\u201d<\/strong> tomando como referencia de pago el sueldo bruto con aportes\u201d y que \u201cque el ingreso de todo el personal al Estado sea a trav\u00e9s de la modalidad de planta permanente como la norma 10.430 lo establece\u201d.<\/p>\n<p>A la vez, otro tema de relevancia que solicitaron los gremios es que \u201c<strong>se regularice la atenci\u00f3n y cobertura del IOMA<\/strong>\u201d.<\/p>\n<p><strong>C\u00f3mo es el acuerdo docente:<\/strong><\/p>\n<p>En el caso de\u00a0<strong>los docentes, el acuerdo tambi\u00e9n es por un 20% para febrero<\/strong>, pero en este caso se calcular\u00e1 sin tomar en cuenta el Fondo de Incentivo Docente, que la Naci\u00f3n a\u00fan no paga.<\/p>\n<p>En\u00a0<strong>esta paritaria se da una situaci\u00f3n in\u00e9dita<\/strong>: el gobierno provincial ofrece un aumento pero s\u00f3lo para la parte del sueldo a su cargo.<\/p>\n<p>Pero all\u00ed no cuentan los dineros que los docentes perciben y otros similares, que la Naci\u00f3n decidi\u00f3, desde el mes pasado, no pagar.<\/p>\n<p>En febrero, p<strong>ara los sueldos de enero, Provincia se hizo cargo de los montos<\/strong> <strong>en concepto de Fondo Nacional de Incentivo Docente (Fonid), pero ya avis\u00f3 que no podr\u00e1 volver a realizar esa inversi\u00f3n en marzo, para los sueldos de febrero<\/strong>.<\/p>\n<p>El Fonid representa, en provincia, del 10% al 12% del sueldo de un docente que reci\u00e9n ingresa. <strong>(VW)<\/strong><\/p>\n","protected":false},"excerpt":{"rendered":"<p>Es sin contar el FONID. Los gremios, m\u00e1s all\u00e1 de aceptar, mantuvieron parte de sus reclamos.\u00a0<\/p>\n","protected":false},"author":4,"featured_media":7277,"comment_status":"closed","ping_status":"closed","sticky":false,"template":"","format":"standard","meta":{"_monsterinsights_skip_tracking":false,"_monsterinsights_sitenote_active":false,"_monsterinsights_sitenote_note":"","_monsterinsights_sitenote_category":0,"footnotes":""},"categories":[4],"tags":[5670,58,5671,167,356],"class_list":["post-13621","post","type-post","status-publish","format-standard","has-post-thumbnail","hentry","category-politica","tag-acuerdo-estatales-y-docentes","tag-aumento","tag-fonid","tag-kicillof","tag-provincia"],"_links":{"self":[{"href":"https:\/\/www.visionweb.com.ar\/index.php?rest_route=\/wp\/v2\/posts\/13621","targetHints":{"allow":["GET"]}}],"collection":[{"href":"https:\/\/www.visionweb.com.ar\/index.php?rest_route=\/wp\/v2\/posts"}],"about":[{"href":"https:\/\/www.visionweb.com.ar\/index.php?rest_route=\/wp\/v2\/types\/post"}],"author":[{"embeddable":true,"href":"https:\/\/www.visionweb.com.ar\/index.php?rest_route=\/wp\/v2\/users\/4"}],"replies":[{"embeddable":true,"href":"https:\/\/www.visionweb.com.ar\/index.php?rest_route=%2Fwp%2Fv2%2Fcomments&post=13621"}],"version-history":[{"count":1,"href":"https:\/\/www.visionweb.com.ar\/index.php?rest_route=\/wp\/v2\/posts\/13621\/revisions"}],"predecessor-version":[{"id":13622,"href":"https:\/\/www.visionweb.com.ar\/index.php?rest_route=\/wp\/v2\/posts\/13621\/revisions\/13622"}],"wp:featuredmedia":[{"embeddable":true,"href":"https:\/\/www.visionweb.com.ar\/index.php?rest_route=\/wp\/v2\/media\/7277"}],"wp:attachment":[{"href":"https:\/\/www.visionweb.com.ar\/index.php?rest_route=%2Fwp%2Fv2%2Fmedia&parent=13621"}],"wp:term":[{"taxonomy":"category","embeddable":true,"href":"https:\/\/www.visionweb.com.ar\/index.php?rest_route=%2Fwp%2Fv2%2Fcategories&post=13621"},{"taxonomy":"post_tag","embeddable":true,"href":"https:\/\/www.visionweb.com.ar\/index.php?rest_route=%2Fwp%2Fv2%2Ftags&post=13621"}],"curies":[{"name":"wp","href":"https:\/\/api.w.org\/{rel}","templated":true}]}}