{"id":13618,"date":"2024-02-16T10:33:57","date_gmt":"2024-02-16T13:33:57","guid":{"rendered":"https:\/\/www.visionweb.com.ar\/?p=13618"},"modified":"2024-02-16T10:33:57","modified_gmt":"2024-02-16T13:33:57","slug":"llega-la-expo-comics-2024-de-verano-a-lomas-de-zamora","status":"publish","type":"post","link":"https:\/\/www.visionweb.com.ar\/?p=13618","title":{"rendered":"Llega la Expo Comics 2024 de Verano a Lomas de Zamora"},"content":{"rendered":"<p><em><strong>Ser\u00e1 el domingo 18, en el Teatro del Municipio de Lomas de Zamora. Se trata de la esperada Edici\u00f3n Cultura Pop de Verano de Expo Comics 2024, un evento libre y gratuito que reunir\u00e1 a aficionados y artistas.<\/strong><\/em><!--more--><\/p>\n<div id=\"attachment_13619\" style=\"width: 310px\" class=\"wp-caption alignright\"><img loading=\"lazy\" decoding=\"async\" aria-describedby=\"caption-attachment-13619\" class=\"wp-image-13619 size-medium\" src=\"https:\/\/www.visionweb.com.ar\/wp-content\/uploads\/2024\/02\/expo-comic-lomas-300x160.png\" alt=\"\" width=\"300\" height=\"160\" srcset=\"https:\/\/www.visionweb.com.ar\/wp-content\/uploads\/2024\/02\/expo-comic-lomas-300x160.png 300w, https:\/\/www.visionweb.com.ar\/wp-content\/uploads\/2024\/02\/expo-comic-lomas.png 411w\" sizes=\"auto, (max-width: 300px) 100vw, 300px\" \/><p id=\"caption-attachment-13619\" class=\"wp-caption-text\">El despliegue de los personajes en vivo. Foto de archivo<\/p><\/div>\n<p><strong>\u00a0\u00a0 C<\/strong>on el apoyo del Municipio de Lomas, la <strong>Expo Comics 2024 de Verano<\/strong> se ofrecer\u00e1 el pr\u00f3ximo domingo 18 de febrero, con una amplia variedad de actividades y exhibiciones que prometen cautivar a todos los asistentes.<\/p>\n<p>Desde las 13 hasta las 20, la cita es en Manuel Castro 262, junto al Palacio Municipal, donde los visitantes podr\u00e1n disfrutar de<strong> obras art\u00edsticas como c\u00f3mics, anim\u00e9, historietas, fanzines, as\u00ed como la presencia de cosplayers, dibujantes, escritores, caricaturistas y maquilladores\u00a0<\/strong>art\u00edsticos.<\/p>\n<p>Con la participaci\u00f3n de alrededor de\u00a0<strong>40 stands de dibujantes, los aficionados tendr\u00e1n la oportunidad de explorar y adquirir obras \u00fanicas y originales.<\/strong><\/p>\n<p>Adem\u00e1s, se llevar\u00e1n a cabo charlas sobre manga y anim\u00e9 a cargo de Anal\u00eda Meo, una reconocida investigadora doctoral de cultura popular japonesa, que promete sumergir a los asistentes en el fascinante mundo del anim\u00e9 oriental.<\/p>\n<p>El escenario del teatro se convertir\u00e1 en el epicentro de la m\u00fasica y el entretenimiento con la presentaci\u00f3n de tres bandas:<strong>\u00a0Mauser, con un tributo a Rammstein; Bleed the Freak, con un homenaje a Alice in Chains; y Nivicband<\/strong>, con su caracter\u00edstico estilo de rock alternativo.<\/p>\n<p>Adem\u00e1s, como parte de las actividades programadas, se organizar\u00e1 un\u00a0<strong>desfile de cosplay tanto para ni\u00f1os como para adultos,<\/strong> una oportunidad \u00fanica para que los vecinos que deseen participar puedan lucir sus mejores trajes y accesorios inspirados en sus personajes favoritos de c\u00f3mics, anim\u00e9, pel\u00edculas y videojuegos. <strong>(VW)<\/strong><\/p>\n<p>&nbsp;<\/p>\n","protected":false},"excerpt":{"rendered":"<p>Ser\u00e1 el domingo 18, en el Teatro del Municipio de Lomas de Zamora. Se trata de la esperada Edici\u00f3n Cultura Pop de Verano de Expo Comics 2024, un evento libre y gratuito que reunir\u00e1&#46;&#46;&#46;<\/p>\n","protected":false},"author":4,"featured_media":13619,"comment_status":"closed","ping_status":"closed","sticky":false,"template":"","format":"standard","meta":{"_monsterinsights_skip_tracking":false,"_monsterinsights_sitenote_active":false,"_monsterinsights_sitenote_note":"","_monsterinsights_sitenote_category":0,"footnotes":""},"categories":[8],"tags":[5668,5667,5666,5669,318],"class_list":["post-13618","post","type-post","status-publish","format-standard","has-post-thumbnail","hentry","category-interes-general","tag-anime","tag-comics","tag-expo-comics-2024-de-verano","tag-historietas","tag-lomas-de-zamora"],"_links":{"self":[{"href":"https:\/\/www.visionweb.com.ar\/index.php?rest_route=\/wp\/v2\/posts\/13618","targetHints":{"allow":["GET"]}}],"collection":[{"href":"https:\/\/www.visionweb.com.ar\/index.php?rest_route=\/wp\/v2\/posts"}],"about":[{"href":"https:\/\/www.visionweb.com.ar\/index.php?rest_route=\/wp\/v2\/types\/post"}],"author":[{"embeddable":true,"href":"https:\/\/www.visionweb.com.ar\/index.php?rest_route=\/wp\/v2\/users\/4"}],"replies":[{"embeddable":true,"href":"https:\/\/www.visionweb.com.ar\/index.php?rest_route=%2Fwp%2Fv2%2Fcomments&post=13618"}],"version-history":[{"count":1,"href":"https:\/\/www.visionweb.com.ar\/index.php?rest_route=\/wp\/v2\/posts\/13618\/revisions"}],"predecessor-version":[{"id":13620,"href":"https:\/\/www.visionweb.com.ar\/index.php?rest_route=\/wp\/v2\/posts\/13618\/revisions\/13620"}],"wp:featuredmedia":[{"embeddable":true,"href":"https:\/\/www.visionweb.com.ar\/index.php?rest_route=\/wp\/v2\/media\/13619"}],"wp:attachment":[{"href":"https:\/\/www.visionweb.com.ar\/index.php?rest_route=%2Fwp%2Fv2%2Fmedia&parent=13618"}],"wp:term":[{"taxonomy":"category","embeddable":true,"href":"https:\/\/www.visionweb.com.ar\/index.php?rest_route=%2Fwp%2Fv2%2Fcategories&post=13618"},{"taxonomy":"post_tag","embeddable":true,"href":"https:\/\/www.visionweb.com.ar\/index.php?rest_route=%2Fwp%2Fv2%2Ftags&post=13618"}],"curies":[{"name":"wp","href":"https:\/\/api.w.org\/{rel}","templated":true}]}}