{"id":13615,"date":"2024-02-16T10:16:31","date_gmt":"2024-02-16T13:16:31","guid":{"rendered":"https:\/\/www.visionweb.com.ar\/?p=13615"},"modified":"2024-02-16T10:16:31","modified_gmt":"2024-02-16T13:16:31","slug":"kicillof-se-reunio-con-textiles-el-ajuste-lleva-a-destruir-la-industria-nacional","status":"publish","type":"post","link":"https:\/\/www.visionweb.com.ar\/?p=13615","title":{"rendered":"Kicillof se reuni\u00f3 con textiles: \u201cEl ajuste lleva a destruir la industria nacional\u201d"},"content":{"rendered":"<p><strong><em>El Gobernador se reuni\u00f3 con trabajadores y empresarios del sector. \u201cPropusieron ajustar a la casta y est\u00e1n ajustando a la industria y los trabajadores\u201d, se\u00f1al\u00f3.<\/em><\/strong><!--more--><\/p>\n<p><strong><img loading=\"lazy\" decoding=\"async\" class=\"size-medium wp-image-13616 alignright\" src=\"https:\/\/www.visionweb.com.ar\/wp-content\/uploads\/2024\/02\/kicillof-reunion-con-textiles-X-feb24-300x200.png\" alt=\"\" width=\"300\" height=\"200\" srcset=\"https:\/\/www.visionweb.com.ar\/wp-content\/uploads\/2024\/02\/kicillof-reunion-con-textiles-X-feb24-300x200.png 300w, https:\/\/www.visionweb.com.ar\/wp-content\/uploads\/2024\/02\/kicillof-reunion-con-textiles-X-feb24.png 476w\" sizes=\"auto, (max-width: 300px) 100vw, 300px\" \/>\u00a0\u00a0\u00a0 E<\/strong>l gobernador bonaerense <strong>Axel Kicillof<\/strong> se reuni\u00f3 con <strong>trabajadores y empresarios de las industrias textil y del cuero<\/strong> para evaluar el impacto de las medidas del Gobierno nacional en la actividad, en un encuentro en el que sostuvo que \u201c<strong>hay pocos casos en la historia de una ca\u00edda tan fuerte del consumo<\/strong>\u201d como la actual.<\/p>\n<p>Kicillof encabez\u00f3 ayer el encuentro junto a los ministros de Producci\u00f3n, Ciencia e Innovaci\u00f3n Tecnol\u00f3gica, <strong>Augusto Costa<\/strong>, y de Trabajo, <strong>Walter Correa<\/strong>. All\u00ed, sostuvo que \u201cHay pocos casos en la historia de una ca\u00edda tan fuerte del consumo como el que sufrimos en estos meses, por eso <strong>necesitamos que surjan nuevas voces que le expliquen a la sociedad lo que est\u00e1 sucediendo<\/strong>\u201d.<\/p>\n<p>El Gobernador sostuvo que la gesti\u00f3n de Javier Milei promet\u00eda \u201chacer algo distinto\u201d, pero est\u00e1 \u201c<strong>llevando adelante un ajuste convencional para destruir la industria nacional<\/strong>\u201d.<\/p>\n<p>\u201cEstas pol\u00edticas apuntan a volver a una Argentina con una econom\u00eda primarizada, subordinada y dependiente: propusieron ajustar a la casta y est\u00e1n ajustando a la industria y los trabajadores\u201d, agreg\u00f3.<\/p>\n<p>\u201c<strong>El Gobierno nacional tiene el mismo plan econ\u00f3mico que impuls\u00f3 (Mauricio) Macri durante cuatro a\u00f1os: un programa con tarifas en d\u00f3lares, apertura de importaciones, ausencia del cr\u00e9dito productivo y ca\u00edda del salario<\/strong>\u201d, se\u00f1al\u00f3 el mandatario bonaerense en el marco del encuentro.<\/p>\n<p>Por su parte, Correa destac\u00f3 \u201cla importancia de una reuni\u00f3n en la que est\u00e9n representados los trabajadores, la industria y el Estado\u201d. \u201cNuestro Gobierno est\u00e1 convencido de lo que tiene que hacer en este contexto tan dif\u00edcil: defender los puestos de empleo y el tejido productivo de la provincia de Buenos Aires\u201d, agreg\u00f3.<\/p>\n<p>Estuvieron presentes la subsecretaria de Industria, Pymes y Cooperativas, Mariela Bembi, y su par de Desarrollo Comercial y Promoci\u00f3n de Inversiones, Ariel Aguilar; autoridades y representantes de la C\u00e1mara de la Industria Curtidora Argentina (CICA); de la Asociaci\u00f3n de Curtiembreros de la provincia de Buenos Aires (Acuba); de la C\u00e1mara Industrial de las Manufacturas del Cuero y Afines (CIMA); de la C\u00e1mara Argentina de Industriales Proveedores de la industria del Calzado (Caipic); de la C\u00e1mara de la Industria del Calzado (CIC); de la Federaci\u00f3n de Industrias Textiles Argentinas (FITA); de la C\u00e1mara Industrial Argentina de la Indumentaria (CIAI); de la C\u00e1mara Argentina de Fabricantes de Av\u00edos y Accesorios para Confecci\u00f3n y Marroquiner\u00eda (Cafaicym); del Polo Textil Luj\u00e1n y de la Fundaci\u00f3n Pro Tejer. <strong>(VW)<\/strong><\/p>\n","protected":false},"excerpt":{"rendered":"<p>El Gobernador se reuni\u00f3 con trabajadores y empresarios del sector. \u201cPropusieron ajustar a la casta y est\u00e1n ajustando a la industria y los trabajadores\u201d, se\u00f1al\u00f3.<\/p>\n","protected":false},"author":4,"featured_media":13616,"comment_status":"closed","ping_status":"closed","sticky":false,"template":"","format":"standard","meta":{"_monsterinsights_skip_tracking":false,"_monsterinsights_sitenote_active":false,"_monsterinsights_sitenote_note":"","_monsterinsights_sitenote_category":0,"footnotes":""},"categories":[4],"tags":[167,5665],"class_list":["post-13615","post","type-post","status-publish","format-standard","has-post-thumbnail","hentry","category-politica","tag-kicillof","tag-reunion-con-textiles"],"_links":{"self":[{"href":"https:\/\/www.visionweb.com.ar\/index.php?rest_route=\/wp\/v2\/posts\/13615","targetHints":{"allow":["GET"]}}],"collection":[{"href":"https:\/\/www.visionweb.com.ar\/index.php?rest_route=\/wp\/v2\/posts"}],"about":[{"href":"https:\/\/www.visionweb.com.ar\/index.php?rest_route=\/wp\/v2\/types\/post"}],"author":[{"embeddable":true,"href":"https:\/\/www.visionweb.com.ar\/index.php?rest_route=\/wp\/v2\/users\/4"}],"replies":[{"embeddable":true,"href":"https:\/\/www.visionweb.com.ar\/index.php?rest_route=%2Fwp%2Fv2%2Fcomments&post=13615"}],"version-history":[{"count":1,"href":"https:\/\/www.visionweb.com.ar\/index.php?rest_route=\/wp\/v2\/posts\/13615\/revisions"}],"predecessor-version":[{"id":13617,"href":"https:\/\/www.visionweb.com.ar\/index.php?rest_route=\/wp\/v2\/posts\/13615\/revisions\/13617"}],"wp:featuredmedia":[{"embeddable":true,"href":"https:\/\/www.visionweb.com.ar\/index.php?rest_route=\/wp\/v2\/media\/13616"}],"wp:attachment":[{"href":"https:\/\/www.visionweb.com.ar\/index.php?rest_route=%2Fwp%2Fv2%2Fmedia&parent=13615"}],"wp:term":[{"taxonomy":"category","embeddable":true,"href":"https:\/\/www.visionweb.com.ar\/index.php?rest_route=%2Fwp%2Fv2%2Fcategories&post=13615"},{"taxonomy":"post_tag","embeddable":true,"href":"https:\/\/www.visionweb.com.ar\/index.php?rest_route=%2Fwp%2Fv2%2Ftags&post=13615"}],"curies":[{"name":"wp","href":"https:\/\/api.w.org\/{rel}","templated":true}]}}