{"id":13589,"date":"2024-02-14T13:40:27","date_gmt":"2024-02-14T16:40:27","guid":{"rendered":"https:\/\/www.visionweb.com.ar\/?p=13589"},"modified":"2024-02-14T13:40:27","modified_gmt":"2024-02-14T16:40:27","slug":"derrumbe-de-las-compras-con-tarjeta-de-credito","status":"publish","type":"post","link":"https:\/\/www.visionweb.com.ar\/?p=13589","title":{"rendered":"Derrumbe de las compras con tarjeta de cr\u00e9dito"},"content":{"rendered":"<p><em><strong>Por su parte, la l\u00ednea de pr\u00e9stamos personales tuvo un repunte, pero al contrastarse con la inflaci\u00f3n qued\u00f3 lejos de representar un crecimiento en t\u00e9rminos reales.<\/strong><\/em><!--more--><\/p>\n<p><img loading=\"lazy\" decoding=\"async\" class=\"size-medium wp-image-4974 alignright\" src=\"https:\/\/www.visionweb.com.ar\/wp-content\/uploads\/2022\/03\/tarjetas-credito-2-300x185.jpg\" alt=\"\" width=\"300\" height=\"185\" srcset=\"https:\/\/www.visionweb.com.ar\/wp-content\/uploads\/2022\/03\/tarjetas-credito-2-300x185.jpg 300w, https:\/\/www.visionweb.com.ar\/wp-content\/uploads\/2022\/03\/tarjetas-credito-2.jpg 574w\" sizes=\"auto, (max-width: 300px) 100vw, 300px\" \/>\u00a0 <strong>L<\/strong>as compras con\u00a0tarjetas de cr\u00e9dito y los pr\u00e9stamos en pesos\u00a0registraron un nuevo retroceso del consumo en enero frente a la disparada de los precios, que se acentu\u00f3 durante las \u00faltimas semanas, de acuerdo a un informe de First Capital Group.<\/p>\n<p>Mientras las compras con dicho medio de pago generaron un movimiento de $5.966.247 millones, lo que implica<strong>\u00a0una suba de un 11,1% nominal respecto a diciembre, los precios treparon en torno al 20% en el mismo periodo<\/strong>, seg\u00fan las estimaciones de consultoras privadas.<\/p>\n<p>Algo similar sucede en la variaci\u00f3n interanual, ya que<strong>\u00a0el aumento del stock de deuda contra\u00edda con pl\u00e1sticos fue de 160,7%<\/strong>\u00a0y qued\u00f3 nuevamente por debajo de los niveles de la inflaci\u00f3n estimada del a\u00f1o, lo cual arroj\u00f3 en consecuencia <strong>una baja en t\u00e9rminos reales<\/strong>.<\/p>\n<p>Esto se desprende teniendo en cuenta el \u00faltimo Indice de precios al Consumidor (IPC), que se ubic\u00f3 en 211,4%.<\/p>\n<p>Ante este panorama y con el objetivo de reactivar el consumo por este medio de pago, el Gobierno lanz\u00f3 recientemente el programa Cuota Simple, en reemplazo de Ahora 12,\u00a0que\u00a0permite comprar productos y servicios con tarjeta de cr\u00e9dito en 3 o 6 cuotas fijas con una tasa de inter\u00e9s especial.<\/p>\n<p>La iniciativa oficial entr\u00f3 en vigencia el 1\u00b0 de febrero y estar\u00e1 disponible hasta el 31 de mayo. Los rubros incluidos son electrodom\u00e9sticos, indumentaria, libros, espect\u00e1culos, turismo, neum\u00e1ticos, accesorios y repuestos, motos, maquinaria y herramientas, entre otros.<\/p>\n<p><strong>P<\/strong><strong>r\u00e9stamos:<\/strong><\/p>\n<p>Por el lado de los pr\u00e9stamos al sector privado,\u00a0<strong>el mes pasado alcanzaron un nivel total de $17,3 billones, representando una suba interanual de $10,1 billones, equivalente al 138,9%.\u00a0<\/strong><\/p>\n<p>Al igual que sucede con las compras con tarjetas de cr\u00e9dito, el aumento qued\u00f3 por debajo de la inflaci\u00f3n estimada del per\u00edodo, que rondar\u00eda el 250%.<\/p>\n<p>En tanto que<strong>\u00a0la variaci\u00f3n mensual fue de $1.044 mil millones, lo cual representa un incremento del 6,4%, en valores nominales<\/strong>, pero tambi\u00e9n se ubica por debajo del incremento de precios proyectado para este per\u00edodo, el cual se estima estar\u00e1 en torno al 20%.<\/p>\n<p>La l\u00ednea de pr\u00e9stamos personales aument\u00f3 en t\u00e9rminos nominales durante el mes en un total de $139.921 millones. Aunque esto evidencia un repunte en las colocaciones, al contrastarse con la inflaci\u00f3n,\u00a0<strong>el aumento fue de s\u00f3lo del 7,2%<\/strong>\u00a0y <strong>qued\u00f3 lejos de representar un crecimiento<\/strong> en t\u00e9rminos reales.<\/p>\n<p>En el acumulado anual\u00a0<strong>el crecimiento fue del 160,7% al ascender a los $2.095.093 millones<\/strong>\u00a0contra los $1.120.652 millones al cierre de enero del a\u00f1o anterior. Dicha variaci\u00f3n tambi\u00e9n qued\u00f3 por debajo de la evoluci\u00f3n de precios. <strong>(VW)<\/strong><\/p>\n","protected":false},"excerpt":{"rendered":"<p>Por su parte, la l\u00ednea de pr\u00e9stamos personales tuvo un repunte, pero al contrastarse con la inflaci\u00f3n qued\u00f3 lejos de representar un crecimiento en t\u00e9rminos reales.<\/p>\n","protected":false},"author":4,"featured_media":4974,"comment_status":"closed","ping_status":"closed","sticky":false,"template":"","format":"standard","meta":{"_monsterinsights_skip_tracking":false,"_monsterinsights_sitenote_active":false,"_monsterinsights_sitenote_note":"","_monsterinsights_sitenote_category":0,"footnotes":""},"categories":[6],"tags":[5646,5647,5645],"class_list":["post-13589","post","type-post","status-publish","format-standard","has-post-thumbnail","hentry","category-economia","tag-creditos-personales","tag-first-capital-group","tag-retraccion-de-consumo-con-tarjetas"],"_links":{"self":[{"href":"https:\/\/www.visionweb.com.ar\/index.php?rest_route=\/wp\/v2\/posts\/13589","targetHints":{"allow":["GET"]}}],"collection":[{"href":"https:\/\/www.visionweb.com.ar\/index.php?rest_route=\/wp\/v2\/posts"}],"about":[{"href":"https:\/\/www.visionweb.com.ar\/index.php?rest_route=\/wp\/v2\/types\/post"}],"author":[{"embeddable":true,"href":"https:\/\/www.visionweb.com.ar\/index.php?rest_route=\/wp\/v2\/users\/4"}],"replies":[{"embeddable":true,"href":"https:\/\/www.visionweb.com.ar\/index.php?rest_route=%2Fwp%2Fv2%2Fcomments&post=13589"}],"version-history":[{"count":1,"href":"https:\/\/www.visionweb.com.ar\/index.php?rest_route=\/wp\/v2\/posts\/13589\/revisions"}],"predecessor-version":[{"id":13590,"href":"https:\/\/www.visionweb.com.ar\/index.php?rest_route=\/wp\/v2\/posts\/13589\/revisions\/13590"}],"wp:featuredmedia":[{"embeddable":true,"href":"https:\/\/www.visionweb.com.ar\/index.php?rest_route=\/wp\/v2\/media\/4974"}],"wp:attachment":[{"href":"https:\/\/www.visionweb.com.ar\/index.php?rest_route=%2Fwp%2Fv2%2Fmedia&parent=13589"}],"wp:term":[{"taxonomy":"category","embeddable":true,"href":"https:\/\/www.visionweb.com.ar\/index.php?rest_route=%2Fwp%2Fv2%2Fcategories&post=13589"},{"taxonomy":"post_tag","embeddable":true,"href":"https:\/\/www.visionweb.com.ar\/index.php?rest_route=%2Fwp%2Fv2%2Ftags&post=13589"}],"curies":[{"name":"wp","href":"https:\/\/api.w.org\/{rel}","templated":true}]}}