{"id":13580,"date":"2024-02-13T10:24:57","date_gmt":"2024-02-13T13:24:57","guid":{"rendered":"https:\/\/www.visionweb.com.ar\/?p=13580"},"modified":"2024-02-13T10:24:57","modified_gmt":"2024-02-13T13:24:57","slug":"incendios-forestales-extinguieron-dos-focos-en-las-reservas-de-punta-lara-y-tornquist","status":"publish","type":"post","link":"https:\/\/www.visionweb.com.ar\/?p=13580","title":{"rendered":"Incendios forestales: Extinguieron dos focos en las reservas de Punta Lara y Tornquist"},"content":{"rendered":"<p><strong>Bo<\/strong><strong><em>mberos y guardaparques sofocaron el fuego en las dos reservas naturales.<\/em><\/strong> <strong><em>La ministra de Ambiente bonaerense explic\u00f3 que la mayor\u00eda \u00abson producto del accionar humano\u00bb.<\/em><\/strong><!--more--><\/p>\n<p><strong><img loading=\"lazy\" decoding=\"async\" class=\"size-medium wp-image-13581 alignright\" src=\"https:\/\/www.visionweb.com.ar\/wp-content\/uploads\/2024\/02\/incendios-tornquist-300x148.png\" alt=\"\" width=\"300\" height=\"148\" srcset=\"https:\/\/www.visionweb.com.ar\/wp-content\/uploads\/2024\/02\/incendios-tornquist-300x148.png 300w, https:\/\/www.visionweb.com.ar\/wp-content\/uploads\/2024\/02\/incendios-tornquist.png 549w\" sizes=\"auto, (max-width: 300px) 100vw, 300px\" \/>\u00a0\u00a0\u00a0 A<\/strong> trav\u00e9s del protocolo de acci\u00f3n del Consejo de Coordinaci\u00f3n Interministerial para el Manejo del Fuego, se logr\u00f3 ayer abordar de manera integral los siniestros en <strong>las localidades de Tornquist y Punta Lara<\/strong> y se controlaron las llamas desatadas.<\/p>\n<p>En ese sentido, la ministra de Ambiente bonaerense,\u00a0<strong>Daniela Vilar<\/strong>, consider\u00f3 clave la decisi\u00f3n de la Provincia de reglamentar la\u00a0<strong>Ley Provincial N\u00b0 14892 de Manejo del Fuego<\/strong>. <strong>A la vez explic\u00f3 que la mayor\u00eda de los incendios \u00abson producto del accionar humano\u00bb.<\/strong><\/p>\n<p>En la provincia de Buenos Aires, desde la creaci\u00f3n del\u00a0<strong>Ministerio de Ambiente<\/strong>, se impulsaron medidas como la reglamentaci\u00f3n de la Ley N\u00ba 14.892 de Manejo del Fuego, que crea el Consejo de Coordinaci\u00f3n Interministerial, conformado por los ministerios de Ambiente, Seguridad y Desarrollo Agrario, estableci\u00e9ndolos como autoridades de aplicaci\u00f3n de la ley.<\/p>\n<p><strong>Reserva de Punta Lara:<\/strong><\/p>\n<p>Los efectivos lucharon contra un <strong>incendio forestal en la zona de Reserva Natural<\/strong>, que afect\u00f3 una amplia extensi\u00f3n sobre pastizales, requiriendo un despliegue significativo de recursos y personal.<\/p>\n<p>El fuego consumi\u00f3 m\u00e1s de 40 hect\u00e1reas y oblig\u00f3 la intervenci\u00f3n de los bomberos, guardaparques del Ministerio de Ambiente bonaerense, el Ministerio de Seguridad, el de Desarrollo Agrario, la\u00a0<strong>Municipalidad de Berazategui y Ensenada<\/strong>, entre otros.<\/p>\n<p><strong>Parque Provincial Ernesto Tornquist:<\/strong><\/p>\n<p>En el\u00a0<strong>Parque Provincial Ernesto Tornquist, pr\u00f3ximo a Sierra de la Ventana<\/strong>, se desat\u00f3 un incendio que afect\u00f3 m\u00e1s de 290 hect\u00e1reas, inici\u00e1ndose en inmediaciones de un arroyo cercando al camping El Pinar y avanz\u00f3 a las sierras debido a los fuertes vientos.<\/p>\n<p><strong>Las zonas afectadas fueron las llamadas La Toma y Carol<\/strong>\u00a0y, se debi\u00f3 montar un operativo de precauci\u00f3n en el ingreso a Villa Ventana.<\/p>\n<p>Seg\u00fan precis\u00f3 la ministraVilar, \u201cla enorme mayor\u00eda de estos fuegos son producto del accionar humano, que se exacerban en un contexto donde la crisis clim\u00e1tica no da tregua\u201d.<\/p>\n<p>\u201cDesde la Provincia no miramos al costado. Venimos trabajando de manera articulada para dar una soluci\u00f3n real e integral al combate de incendios\u201d. <strong>(VW)<\/strong><\/p>\n","protected":false},"excerpt":{"rendered":"<p>Bomberos y guardaparques sofocaron el fuego en las dos reservas naturales. La ministra de Ambiente bonaerense explic\u00f3 que la mayor\u00eda \u00abson producto del accionar humano\u00bb.<\/p>\n","protected":false},"author":4,"featured_media":13581,"comment_status":"closed","ping_status":"closed","sticky":false,"template":"","format":"standard","meta":{"_monsterinsights_skip_tracking":false,"_monsterinsights_sitenote_active":false,"_monsterinsights_sitenote_note":"","_monsterinsights_sitenote_category":0,"footnotes":""},"categories":[8],"tags":[3288,5640,607,5641,356],"class_list":["post-13580","post","type-post","status-publish","format-standard","has-post-thumbnail","hentry","category-interes-general","tag-daniela-vilar","tag-incendios-en-punta-lara-y-tornquist","tag-medio-ambiente","tag-protocolos-y-manejo-del-fuego","tag-provincia"],"_links":{"self":[{"href":"https:\/\/www.visionweb.com.ar\/index.php?rest_route=\/wp\/v2\/posts\/13580","targetHints":{"allow":["GET"]}}],"collection":[{"href":"https:\/\/www.visionweb.com.ar\/index.php?rest_route=\/wp\/v2\/posts"}],"about":[{"href":"https:\/\/www.visionweb.com.ar\/index.php?rest_route=\/wp\/v2\/types\/post"}],"author":[{"embeddable":true,"href":"https:\/\/www.visionweb.com.ar\/index.php?rest_route=\/wp\/v2\/users\/4"}],"replies":[{"embeddable":true,"href":"https:\/\/www.visionweb.com.ar\/index.php?rest_route=%2Fwp%2Fv2%2Fcomments&post=13580"}],"version-history":[{"count":1,"href":"https:\/\/www.visionweb.com.ar\/index.php?rest_route=\/wp\/v2\/posts\/13580\/revisions"}],"predecessor-version":[{"id":13582,"href":"https:\/\/www.visionweb.com.ar\/index.php?rest_route=\/wp\/v2\/posts\/13580\/revisions\/13582"}],"wp:featuredmedia":[{"embeddable":true,"href":"https:\/\/www.visionweb.com.ar\/index.php?rest_route=\/wp\/v2\/media\/13581"}],"wp:attachment":[{"href":"https:\/\/www.visionweb.com.ar\/index.php?rest_route=%2Fwp%2Fv2%2Fmedia&parent=13580"}],"wp:term":[{"taxonomy":"category","embeddable":true,"href":"https:\/\/www.visionweb.com.ar\/index.php?rest_route=%2Fwp%2Fv2%2Fcategories&post=13580"},{"taxonomy":"post_tag","embeddable":true,"href":"https:\/\/www.visionweb.com.ar\/index.php?rest_route=%2Fwp%2Fv2%2Ftags&post=13580"}],"curies":[{"name":"wp","href":"https:\/\/api.w.org\/{rel}","templated":true}]}}