{"id":13577,"date":"2024-02-13T09:41:57","date_gmt":"2024-02-13T12:41:57","guid":{"rendered":"https:\/\/www.visionweb.com.ar\/?p=13577"},"modified":"2024-02-13T09:41:57","modified_gmt":"2024-02-13T12:41:57","slug":"recortes-en-educacion-y-un-panorama-de-inicio-de-clases-complicado","status":"publish","type":"post","link":"https:\/\/www.visionweb.com.ar\/?p=13577","title":{"rendered":"Recortes en educaci\u00f3n y un panorama de inicio de clases \u201ccomplicado\u201d"},"content":{"rendered":"<p><em><strong>Desde el gremio de docentes nacionales remarcaron que el Gobierno a\u00fan no gir\u00f3 el dinero para el\u00a0Fondo Nacional de Incentivo Docente (FONID). El mi\u00e9rcoles habr\u00e1 una \u00abreuni\u00f3n nacional\u00bb de Ctera para decidir los futuros pasos sindicales.<\/strong><\/em><!--more--><\/p>\n<div id=\"attachment_13578\" style=\"width: 310px\" class=\"wp-caption alignright\"><img loading=\"lazy\" decoding=\"async\" aria-describedby=\"caption-attachment-13578\" class=\"wp-image-13578 size-medium\" src=\"https:\/\/www.visionweb.com.ar\/wp-content\/uploads\/2024\/02\/Ctera-300x162.png\" alt=\"\" width=\"300\" height=\"162\" srcset=\"https:\/\/www.visionweb.com.ar\/wp-content\/uploads\/2024\/02\/Ctera-300x162.png 300w, https:\/\/www.visionweb.com.ar\/wp-content\/uploads\/2024\/02\/Ctera.png 495w\" sizes=\"auto, (max-width: 300px) 100vw, 300px\" \/><p id=\"caption-attachment-13578\" class=\"wp-caption-text\">Foto de archivo<\/p><\/div>\n<p><strong>L<\/strong>a titular de la\u00a0<strong>Confederaci\u00f3n de Trabajadores de la Educaci\u00f3n\u00a0<\/strong>(<strong>CTERA<\/strong>),\u00a0<strong>Sonia Alesso<\/strong>, advirti\u00f3 a 17 d\u00edas para el inicio lectivo 2024, que el panorama sobre el comienzo de clases \u201c<strong>es grave y pinta complicado<\/strong>\u201d, y reclam\u00f3 que \u201ca\u00fan no lleg\u00f3\u201d el dinero para el\u00a0<strong>Fondo Nacional de Incentivo Docente\u00a0<\/strong>(<strong>FONID<\/strong>)<strong>\u00a0ni a comedores escolares<\/strong>.<\/p>\n<p>\u201c<strong>La situaci\u00f3n es grave, empieza el ciclo lectivo y no se han girado fondos ni al FONID ni al Fondo Compensador, ni para comedores, ni para copa de leche, ni para otros programas educativos<\/strong>\u201d, advirti\u00f3\u00a0<strong>Alesso<\/strong>.<\/p>\n<p>El\u00a0<strong>FONID representa entre el\u00a010 y el 15%\u00a0<\/strong>de los haberes\u00a0<strong>docentes nacionales<\/strong>, y en ese marco,\u00a0<strong>la titular de CTERA\u00a0<\/strong>anunci\u00f3 que\u00a0el pr\u00f3ximo <strong>mi\u00e9rcoles 14 de febrero habr\u00e1 una \u201creuni\u00f3n nacional\u201d<\/strong> del gremio\u00a0para decidir los futuros pasos sindicales y, si bien no afirm\u00f3 que peligra el inicio de clases, alert\u00f3 que<strong> la situaci\u00f3n \u201ces compleja\u201d<\/strong>.<\/p>\n<p>En relaci\u00f3n a esta coyuntura adversa, destac\u00f3 en una entrevista por Radio 10 que\u00a0<strong>en el interior el panorama es m\u00e1s complicado.\u00a0<\/strong>\u201cTodas las provincias est\u00e1n en dificultades. Ya hab\u00eda un problema con la inflaci\u00f3n. Y se le suma otro problema, que es que los fondos que deb\u00eda mandar Naci\u00f3n no fueron enviados\u201d, insisti\u00f3.<\/p>\n<p>Alesso advirti\u00f3 que\u00a0<strong>\u201ctodos los partidos se cansan de hablar de educaci\u00f3n hasta que ganan las elecciones pero los ni\u00f1os pobres comen en comedores escolares, a los que se les transfiri\u00f3 cero desde Naci\u00f3n\u201d.<\/strong><\/p>\n<p>\u201c<strong>En la reuni\u00f3n vamos a decidir acciones<\/strong> y la fecha del congreso nacional que va a ser previo al inicio del ciclo lectivo 2024.\u00a0Vamos a hacer un balance de la situaci\u00f3n y mostrarle a la prensa y a los presentes los n\u00fameros de lo que estamos hablando\u201d, a\u00f1adi\u00f3\u00a0Alesso.<\/p>\n<p>Cabe destacar que, los\u00a0<strong>ministros de Educaci\u00f3n<\/strong>\u00a0de todas las provincias del pa\u00eds elevaron el pasado viernes <strong>una nota al secretario de la cartera<\/strong>,\u00a0<strong>Carlos Torrondell<\/strong>, con el fin de manifestarle preocupaci\u00f3n e incertidumbre ante la falta de env\u00edo de recursos para cubrir las necesidades del \u00e1rea.<\/p>\n<p>En detalle, el texto hace referencia a las demoras por el pago del\u00a0<strong>Fondo de Compensaci\u00f3n Salarial Docente<\/strong>,\u00a0<strong>Fondo Nacional de Incentivo Docente<\/strong>,\u00a0<strong>Conectividad y Material Did\u00e1ctico<\/strong>,\u00a0<strong>Programas Educativos Nacionales\u00a0<\/strong>y\u00a0<strong>Fondo de Infraestructura<\/strong>.<\/p>\n<p>Seg\u00fan la informaci\u00f3n oficial de la ejecuci\u00f3n presupuestaria, si bien est\u00e1 comprometido el env\u00edo de casi $47 mil millones para los docentes de las 24 provincias,\u00a0hasta el momento s\u00f3lo se giraron $12 millones, lo cual har\u00eda peligrar el inicio del\u00a0<strong>ciclo lectivo 2024\u00a0<\/strong>en caso de no efectuar el desembolso total.<\/p>\n<p>Por su parte, los cinco gremios del Frente de Unidad Docente Bonaerense (<strong>SUTEBA<\/strong>,\u00a0<strong>AMET<\/strong>,\u00a0<strong>FEB<\/strong>,\u00a0<strong>SADOP\u00a0<\/strong>y\u00a0<strong>UDOCBA<\/strong>) se declararon \u201cen <strong>estado de alerta y movilizaci\u00f3n para defender el salario docente<\/strong> y el financiamiento necesario para el sostenimiento de la educaci\u00f3n p\u00fablica\u201d. <strong>(VW)<\/strong><\/p>\n","protected":false},"excerpt":{"rendered":"<p>Desde el gremio de docentes nacionales remarcaron que el Gobierno a\u00fan no gir\u00f3 el dinero para el\u00a0Fondo Nacional de Incentivo Docente (FONID). El mi\u00e9rcoles habr\u00e1 una \u00abreuni\u00f3n nacional\u00bb de Ctera para decidir los futuros&#46;&#46;&#46;<\/p>\n","protected":false},"author":4,"featured_media":13578,"comment_status":"closed","ping_status":"closed","sticky":false,"template":"","format":"standard","meta":{"_monsterinsights_skip_tracking":false,"_monsterinsights_sitenote_active":false,"_monsterinsights_sitenote_note":"","_monsterinsights_sitenote_category":0,"footnotes":""},"categories":[7,4],"tags":[5637,2871,5638,5636,5639],"class_list":["post-13577","post","type-post","status-publish","format-standard","has-post-thumbnail","hentry","category-educacion-y-cultura","category-politica","tag-alesso","tag-ctera","tag-incertidumbre","tag-inicio-de-clases-2024","tag-recortes"],"_links":{"self":[{"href":"https:\/\/www.visionweb.com.ar\/index.php?rest_route=\/wp\/v2\/posts\/13577","targetHints":{"allow":["GET"]}}],"collection":[{"href":"https:\/\/www.visionweb.com.ar\/index.php?rest_route=\/wp\/v2\/posts"}],"about":[{"href":"https:\/\/www.visionweb.com.ar\/index.php?rest_route=\/wp\/v2\/types\/post"}],"author":[{"embeddable":true,"href":"https:\/\/www.visionweb.com.ar\/index.php?rest_route=\/wp\/v2\/users\/4"}],"replies":[{"embeddable":true,"href":"https:\/\/www.visionweb.com.ar\/index.php?rest_route=%2Fwp%2Fv2%2Fcomments&post=13577"}],"version-history":[{"count":1,"href":"https:\/\/www.visionweb.com.ar\/index.php?rest_route=\/wp\/v2\/posts\/13577\/revisions"}],"predecessor-version":[{"id":13579,"href":"https:\/\/www.visionweb.com.ar\/index.php?rest_route=\/wp\/v2\/posts\/13577\/revisions\/13579"}],"wp:featuredmedia":[{"embeddable":true,"href":"https:\/\/www.visionweb.com.ar\/index.php?rest_route=\/wp\/v2\/media\/13578"}],"wp:attachment":[{"href":"https:\/\/www.visionweb.com.ar\/index.php?rest_route=%2Fwp%2Fv2%2Fmedia&parent=13577"}],"wp:term":[{"taxonomy":"category","embeddable":true,"href":"https:\/\/www.visionweb.com.ar\/index.php?rest_route=%2Fwp%2Fv2%2Fcategories&post=13577"},{"taxonomy":"post_tag","embeddable":true,"href":"https:\/\/www.visionweb.com.ar\/index.php?rest_route=%2Fwp%2Fv2%2Ftags&post=13577"}],"curies":[{"name":"wp","href":"https:\/\/api.w.org\/{rel}","templated":true}]}}