{"id":13575,"date":"2024-02-12T12:09:03","date_gmt":"2024-02-12T15:09:03","guid":{"rendered":"https:\/\/www.visionweb.com.ar\/?p=13575"},"modified":"2024-02-12T12:09:03","modified_gmt":"2024-02-12T15:09:03","slug":"a-40-anos-de-la-muerte-de-julio-cortazar-la-ciudad-celebrara-durante-doce-meses","status":"publish","type":"post","link":"https:\/\/www.visionweb.com.ar\/?p=13575","title":{"rendered":"A 40 a\u00f1os de la muerte de Julio Cort\u00e1zar la Ciudad celebrar\u00e1 durante doce meses"},"content":{"rendered":"<p><em><strong>Buenos Aires extra\u00f1a a Cort\u00e1zar: La Ciudad celebrar\u00e1 al autor con una programaci\u00f3n especial que se extender\u00e1 por un a\u00f1o para recordar su obra y su influencia. El autor de\u00a0Rayuela\u00a0y cuentos cl\u00e1sicos como \u201cCasa Tomada\u201d y \u201cAxolotl\u201d, traductor de\u00a0Edgar Allan Poe,\u00a0se las ingeni\u00f3 para dejar su marca en la literatura argentina.<\/strong><\/em><!--more--><\/p>\n<p><img loading=\"lazy\" decoding=\"async\" class=\"size-medium wp-image-2665 alignright\" src=\"https:\/\/www.visionweb.com.ar\/wp-content\/uploads\/2021\/09\/CORTAZAR-300x177.png\" alt=\"\" width=\"300\" height=\"177\" srcset=\"https:\/\/www.visionweb.com.ar\/wp-content\/uploads\/2021\/09\/CORTAZAR-300x177.png 300w, https:\/\/www.visionweb.com.ar\/wp-content\/uploads\/2021\/09\/CORTAZAR-768x452.png 768w, https:\/\/www.visionweb.com.ar\/wp-content\/uploads\/2021\/09\/CORTAZAR.png 800w\" sizes=\"auto, (max-width: 300px) 100vw, 300px\" \/>\u00a0 <strong>B<\/strong>uenos Aires Ciudad lanz\u00f3 una serie de actividades que comenzar\u00e1n hoy y abarcar\u00e1n todo el a\u00f1o, es decir hasta el 12 de febrero de 2025, denominadas \u201c<strong>A\u00f1o Cort\u00e1zar<\/strong>\u201d, organizadas por el Ministerio de Cultura porte\u00f1o, y vinculadas con la vida del escritor y sus pasiones, desde el jazz a los rincones m\u00e1s emblem\u00e1ticos de la Ciudad.<\/p>\n<p>As\u00ed, al cumplirse el 40\u00b0 aniversario de su muerte, la programaci\u00f3n ser\u00e1 la siguiente:<\/p>\n<p>Hoy, <strong>el mismo lunes 12, arrancar\u00e1 con el especial Cort\u00e1zar en Bibliotecas \/ Jazzuela (m\u00fasica y lectura)<\/strong>. El escritor Diego Paszkowski leer\u00e1 fragmentos de la novela Rayuela acompa\u00f1ado por j\u00f3venes m\u00fasicos de jazz que interpretar\u00e1n obras de Frank Churchill, Charlie Parker, Bronislau Kaper, Sonny Rollins, entre otros. Ser\u00e1 a las 19 horas en la Biblioteca Julio Cort\u00e1zar Casa de la Lectura y la Escritura (Lavalleja 924), gratis y sin inscripci\u00f3n previa hasta agotar la capacidad del lugar.<\/p>\n<p>Los Centros Culturales tambi\u00e9n estar\u00e1n presentes en el recuerdo de Cort\u00e1zar: del jueves 15 al domingo 18 de febrero a las 19 horas habr\u00e1 en el Centro Cultural Recoleta (Jun\u00edn 1930)\u00a0<strong>un ciclo de cine gratuito sobre el escritor, su obra y sus influencias<\/strong>. Bajo el t\u00edtulo\u00a0<em>Cort\u00e1zar, im\u00e1genes de muchos mundos<\/em>, el ciclo se compondr\u00e1 de las siguientes pel\u00edculas:<\/p>\n<ul>\n<li>Jueves 15 |\u00a0<em>Esto lo estoy tocando ma\u00f1ana\u00a0<\/em>de Karina Wroblewski y Silvia Vegierski<\/li>\n<li>Viernes 16 |\u00a0<em>La cifra impar<\/em>\u00a0de Manuel Ant\u00edn<\/li>\n<li>S\u00e1bado 17 |\u00a0<em>Circe\u00a0<\/em>de Manuel Ant\u00edn<\/li>\n<li>Domingo 18 | Pel\u00edcula sorpresa<\/li>\n<\/ul>\n<p>En tanto, en el Teatro San Mart\u00edn (Av. Corrientes 1530) se realizar\u00e1 el viernes 23 a las 18 horas un\u00a0<strong>encuentro literario gratuito y dirigido al p\u00fablico en general\u00a0<\/strong>que incluye una lectura de fragmentos de Historias de cronopios y de famas.<\/p>\n<p>Asimismo, durante estos meses est\u00e1n previstas distintas actividades en las bibliotecas y espacios culturales de la Ciudad, como lecturas, muestras y la digitalizaci\u00f3n de todas las primeras ediciones de sus libros.<\/p>\n<p>En esta misma l\u00ednea,<strong>\u00a0la Ciudad est\u00e1 preparando\u00a0recorridas abiertas a todo el p\u00fablico en los lugares m\u00e1s vinculados a Cort\u00e1zar y su obra<\/strong>, desde el Casco Hist\u00f3rico al barrio de Agronom\u00eda, donde resid\u00eda, o la Galer\u00eda G\u00fcemes.<\/p>\n<p>Como parte del \u201cA\u00f1o Cort\u00e1zar\u201d,<strong>\u00a0tambi\u00e9n est\u00e1 prevista una jornada especial del Festival de Jazz<\/strong>\u00a0de este a\u00f1o, que adem\u00e1s de estar dedicado a \u00e9l, tendr\u00e1 un d\u00eda con m\u00fasica netamente vinculada a su obra.<\/p>\n<p>Todo el sistema cultural,\u00a0<strong>desde teatros a bibliotecas y museos o centros culturales, tendr\u00e1n durante todo el a\u00f1o distintas actividades,<\/strong>\u00a0 informaron desde la Ciudad. <strong>(VW)<\/strong><\/p>\n","protected":false},"excerpt":{"rendered":"<p>Buenos Aires extra\u00f1a a Cort\u00e1zar: La Ciudad celebrar\u00e1 al autor con una programaci\u00f3n especial que se extender\u00e1 por un a\u00f1o para recordar su obra y su influencia. El autor de\u00a0Rayuela\u00a0y cuentos cl\u00e1sicos como \u201cCasa&#46;&#46;&#46;<\/p>\n","protected":false},"author":4,"featured_media":2665,"comment_status":"closed","ping_status":"closed","sticky":false,"template":"","format":"standard","meta":{"_monsterinsights_skip_tracking":false,"_monsterinsights_sitenote_active":false,"_monsterinsights_sitenote_note":"","_monsterinsights_sitenote_category":0,"footnotes":""},"categories":[8],"tags":[5635,4818,5634],"class_list":["post-13575","post","type-post","status-publish","format-standard","has-post-thumbnail","hentry","category-interes-general","tag-40-anos-de-cortazar","tag-celebraciones","tag-ciudad-de-buenos-aires"],"_links":{"self":[{"href":"https:\/\/www.visionweb.com.ar\/index.php?rest_route=\/wp\/v2\/posts\/13575","targetHints":{"allow":["GET"]}}],"collection":[{"href":"https:\/\/www.visionweb.com.ar\/index.php?rest_route=\/wp\/v2\/posts"}],"about":[{"href":"https:\/\/www.visionweb.com.ar\/index.php?rest_route=\/wp\/v2\/types\/post"}],"author":[{"embeddable":true,"href":"https:\/\/www.visionweb.com.ar\/index.php?rest_route=\/wp\/v2\/users\/4"}],"replies":[{"embeddable":true,"href":"https:\/\/www.visionweb.com.ar\/index.php?rest_route=%2Fwp%2Fv2%2Fcomments&post=13575"}],"version-history":[{"count":1,"href":"https:\/\/www.visionweb.com.ar\/index.php?rest_route=\/wp\/v2\/posts\/13575\/revisions"}],"predecessor-version":[{"id":13576,"href":"https:\/\/www.visionweb.com.ar\/index.php?rest_route=\/wp\/v2\/posts\/13575\/revisions\/13576"}],"wp:featuredmedia":[{"embeddable":true,"href":"https:\/\/www.visionweb.com.ar\/index.php?rest_route=\/wp\/v2\/media\/2665"}],"wp:attachment":[{"href":"https:\/\/www.visionweb.com.ar\/index.php?rest_route=%2Fwp%2Fv2%2Fmedia&parent=13575"}],"wp:term":[{"taxonomy":"category","embeddable":true,"href":"https:\/\/www.visionweb.com.ar\/index.php?rest_route=%2Fwp%2Fv2%2Fcategories&post=13575"},{"taxonomy":"post_tag","embeddable":true,"href":"https:\/\/www.visionweb.com.ar\/index.php?rest_route=%2Fwp%2Fv2%2Ftags&post=13575"}],"curies":[{"name":"wp","href":"https:\/\/api.w.org\/{rel}","templated":true}]}}