{"id":13570,"date":"2024-02-12T10:55:43","date_gmt":"2024-02-12T13:55:43","guid":{"rendered":"https:\/\/www.visionweb.com.ar\/?p=13570"},"modified":"2024-02-12T10:55:43","modified_gmt":"2024-02-12T13:55:43","slug":"quieren-convertir-en-ley-el-compre-sin-iva","status":"publish","type":"post","link":"https:\/\/www.visionweb.com.ar\/?p=13570","title":{"rendered":"Quieren convertir en ley el \u00abCompre sin IVA\u00bb"},"content":{"rendered":"<p><em><strong>Son 33 diputados de Uni\u00f3n por la Patria que firmaron el proyecto para eximir de pagar IVA en productos de la canasta b\u00e1sica.<\/strong><\/em><!--more--><\/p>\n<p><strong> <img loading=\"lazy\" decoding=\"async\" class=\"size-medium wp-image-11916 alignright\" src=\"https:\/\/www.visionweb.com.ar\/wp-content\/uploads\/2023\/09\/bna-compre-sin-iva-2-300x300.png\" alt=\"\" width=\"300\" height=\"300\" srcset=\"https:\/\/www.visionweb.com.ar\/wp-content\/uploads\/2023\/09\/bna-compre-sin-iva-2-300x300.png 300w, https:\/\/www.visionweb.com.ar\/wp-content\/uploads\/2023\/09\/bna-compre-sin-iva-2-150x150.png 150w, https:\/\/www.visionweb.com.ar\/wp-content\/uploads\/2023\/09\/bna-compre-sin-iva-2-80x80.png 80w, https:\/\/www.visionweb.com.ar\/wp-content\/uploads\/2023\/09\/bna-compre-sin-iva-2-320x320.png 320w, https:\/\/www.visionweb.com.ar\/wp-content\/uploads\/2023\/09\/bna-compre-sin-iva-2-65x65.png 65w, https:\/\/www.visionweb.com.ar\/wp-content\/uploads\/2023\/09\/bna-compre-sin-iva-2.png 337w\" sizes=\"auto, (max-width: 300px) 100vw, 300px\" \/>\u00a0\u00a0 D<\/strong>iputados de <strong>Uni\u00f3n por la Patria<\/strong> presentaron un proyecto para\u00a0<strong>convertir en Ley el \u00abCompre sin IVA\u00bb,<\/strong> un programa implementado por\u00a0Massa durante el 2023\u00a0que reintegraba con topes el valor de ese tributo a los productos de la canasta b\u00e1sica.<\/p>\n<p>El proyecto lleva en total 33 firmas de diputados bonaerenses, entre ellos Victoria Tolosa Paz, Cecilia Moreau, Carlos Castagnetto<strong>. <\/strong><\/p>\n<p>Est\u00e1 dirigido a trabajadores en relaci\u00f3n de dependencia, jubilados y pensionados que perciban hasta 6 SMVM; peque\u00f1os contribuyentes inscriptos en el R\u00e9gimen Simplificado; trabajadoras y trabajadores de casas particulares; titulares de la AUH, de la AUE, Potenciar Trabajo y Tarjeta Alimentar.<\/p>\n<p>En todos los casos, siempre que no tributen Ganancias, Bienes Personales o est\u00e9n inscriptos como aut\u00f3nomos.<\/p>\n<p>La idea es devolver del impuesto al valor agregado (IVA) de las compras realizadas cada mes, por un monto m\u00e1ximo equivalente al IVA contenido en una CBA para un hogar tipo 2, que hoy significar\u00edan m\u00e1s de 41 mil pesos.<\/p>\n<p>El contexto es el desplome del salario real del 13,1% y el incremento del 30,1% de la CBA en el mes de diciembre, que signific\u00f3 una ca\u00edda del consumo minorista de m\u00e1s de 28 puntos.<\/p>\n<p>Para el caso de <strong>jubilados, se calcula que perdieron 32,5% interanual<\/strong> seg\u00fan los datos de la Oficina de Presupuesto del Congreso (OPC).<\/p>\n<p>\u201cEn este contexto de suba inflacionaria y p\u00e9rdida del poder adquisitivo, los argentinos y las argentinas necesitan que legislemos para darles soluciones. \u201cCompre Sin IVA\u201d fue una medida impulsada por Sergio Massa que benefici\u00f3 a m\u00e1s de 18 millones de argentinos. Por eso, las diputadas y los diputados de UxP queremos que se convierta en ley\u201d, explic\u00f3 Tolosa Paz.<\/p>\n<p>Cabe destacar, que el proyecto de ley establece que: \u201cEl presente r\u00e9gimen ser\u00e1 financiado con la partida presupuestaria asignada a tal efecto por la citada cartera ministerial (Ministerio de Econom\u00eda), no afectando la coparticipaci\u00f3n federal\u201d.<\/p>\n<p><strong>Los 33 diputados que proponen la vuelta del \u00abCompre sin IVA\u00bb<\/strong>: Julio Pereyra, Cecilia Moreau, Sergio Palazzo, Daniel Arroyo, M\u00f3nica Litza, Hugo Yasky, Daniel Goll\u00e1n, Marcela Passo, Micaela Mor\u00e1n, Ramiro Guti\u00e9rrez, Roxana Monz\u00f3n, Carlos Castagneto, Sabrina Selva, Santiago Cafiero y Leopoldo Moreau por la provincia de Buenos Aires; Juan Manuel Pedrini y Mar\u00eda Luisa Chomiak por el Chaco; Eugenia Alianiello, de Chubut; Nancy Sand y Jorge Romero, de Corrientes; Ricardo Herrera y Gabriela Pedrali, por La Rioja; la mendocina Liliana Paponet; por Neuqu\u00e9n Tanya Bertoldi; Mart\u00edn Soria, de R\u00edo Negro; el santacruce\u00f1o Gustavo Gonz\u00e1lez; Mar\u00eda Luisa Montoto y Estela Mary Neder, de Santiago del Estero; Ernesto Al\u00ed y Natalia Zabala Chacur, de San Luis, el sanjuanino Jorge Chica y la pampeana Varinia Lis Mar\u00edn. <strong>(VW)<\/strong><\/p>\n","protected":false},"excerpt":{"rendered":"<p>Son 33 diputados de Uni\u00f3n por la Patria que firmaron el proyecto para eximir de pagar IVA en productos de la canasta b\u00e1sica.<\/p>\n","protected":false},"author":4,"featured_media":11916,"comment_status":"closed","ping_status":"closed","sticky":false,"template":"","format":"standard","meta":{"_monsterinsights_skip_tracking":false,"_monsterinsights_sitenote_active":false,"_monsterinsights_sitenote_note":"","_monsterinsights_sitenote_category":0,"footnotes":""},"categories":[6,4],"tags":[5631,5632,4708],"class_list":["post-13570","post","type-post","status-publish","format-standard","has-post-thumbnail","hentry","category-economia","category-politica","tag-33-diputados","tag-proyecto-compre-sin-iva","tag-union-por-la-patria"],"_links":{"self":[{"href":"https:\/\/www.visionweb.com.ar\/index.php?rest_route=\/wp\/v2\/posts\/13570","targetHints":{"allow":["GET"]}}],"collection":[{"href":"https:\/\/www.visionweb.com.ar\/index.php?rest_route=\/wp\/v2\/posts"}],"about":[{"href":"https:\/\/www.visionweb.com.ar\/index.php?rest_route=\/wp\/v2\/types\/post"}],"author":[{"embeddable":true,"href":"https:\/\/www.visionweb.com.ar\/index.php?rest_route=\/wp\/v2\/users\/4"}],"replies":[{"embeddable":true,"href":"https:\/\/www.visionweb.com.ar\/index.php?rest_route=%2Fwp%2Fv2%2Fcomments&post=13570"}],"version-history":[{"count":1,"href":"https:\/\/www.visionweb.com.ar\/index.php?rest_route=\/wp\/v2\/posts\/13570\/revisions"}],"predecessor-version":[{"id":13571,"href":"https:\/\/www.visionweb.com.ar\/index.php?rest_route=\/wp\/v2\/posts\/13570\/revisions\/13571"}],"wp:featuredmedia":[{"embeddable":true,"href":"https:\/\/www.visionweb.com.ar\/index.php?rest_route=\/wp\/v2\/media\/11916"}],"wp:attachment":[{"href":"https:\/\/www.visionweb.com.ar\/index.php?rest_route=%2Fwp%2Fv2%2Fmedia&parent=13570"}],"wp:term":[{"taxonomy":"category","embeddable":true,"href":"https:\/\/www.visionweb.com.ar\/index.php?rest_route=%2Fwp%2Fv2%2Fcategories&post=13570"},{"taxonomy":"post_tag","embeddable":true,"href":"https:\/\/www.visionweb.com.ar\/index.php?rest_route=%2Fwp%2Fv2%2Ftags&post=13570"}],"curies":[{"name":"wp","href":"https:\/\/api.w.org\/{rel}","templated":true}]}}