{"id":13563,"date":"2024-02-09T10:40:14","date_gmt":"2024-02-09T13:40:14","guid":{"rendered":"https:\/\/www.visionweb.com.ar\/?p=13563"},"modified":"2024-02-09T10:40:14","modified_gmt":"2024-02-09T13:40:14","slug":"carnaval-2024-escapadas-de-ultimo-momento-en-la-provincia","status":"publish","type":"post","link":"https:\/\/www.visionweb.com.ar\/?p=13563","title":{"rendered":"Carnaval 2024: Escapadas de \u00faltimo momento en la Provincia"},"content":{"rendered":"<p><em><strong>Llega el fin de semana largo, y hay algunas opciones para disfrutar este febrero, que es sin\u00f3nimo de carnavales y la provincia de Buenos Aires se prepara tanto para los que quieran descansar como para los que prefieran las fiestas tradicionales de la fecha.<\/strong><\/em><!--more--><\/p>\n<div id=\"attachment_13564\" style=\"width: 310px\" class=\"wp-caption alignright\"><img loading=\"lazy\" decoding=\"async\" aria-describedby=\"caption-attachment-13564\" class=\"wp-image-13564 size-medium\" src=\"https:\/\/www.visionweb.com.ar\/wp-content\/uploads\/2024\/02\/carnaval-infantil-chascomus-gob-300x236.png\" alt=\"\" width=\"300\" height=\"236\" srcset=\"https:\/\/www.visionweb.com.ar\/wp-content\/uploads\/2024\/02\/carnaval-infantil-chascomus-gob-300x236.png 300w, https:\/\/www.visionweb.com.ar\/wp-content\/uploads\/2024\/02\/carnaval-infantil-chascomus-gob.png 477w\" sizes=\"auto, (max-width: 300px) 100vw, 300px\" \/><p id=\"caption-attachment-13564\" class=\"wp-caption-text\">Foto: chascomus.gob.ar<\/p><\/div>\n<p><strong>\u00a0 \u00a0E<\/strong>l fin de semana largo de\u00a0<strong>Carnaval<\/strong>\u00a0ya est\u00e1 en marcha, y es una fecha que forma parte de la idiosincrasia nacional, con epicentro en la localidad entrerriana de Gualeguaych\u00fa, y por ende <strong>se espera un gran movimiento tur\u00edstico a nivel nacional<\/strong>.<\/p>\n<p>Sin embargo, surgen las\u00a0<strong>escapadas de fin de semana<\/strong> con destinos a pocos de CABA, para\u00a0<strong>desconectar de la rutina y disfrutar de paisajes, salidas nocturnas y actividades al aire libre<\/strong>.<\/p>\n<p><strong>Tom\u00e1s Jofr\u00e9: <\/strong><\/p>\n<p>Es una alternativa ideal. Situado en Mercedes, a una hora y media de CABA, es categorizado como\u00a0uno de los mejores polos gastron\u00f3micos de Buenos Aires.<\/p>\n<p>Para garantizar una experiencia inolvidable, recibe a sus visitantes con exquisitas\u00a0comidas de campo locales, actividades rurales y relajaci\u00f3n total, adem\u00e1s de caracterizarse por ser uno de los pueblos m\u00e1s tranquilos.<\/p>\n<p><strong>Mart\u00edn Garc\u00eda:<\/strong><\/p>\n<p>La isla ubicada en el\u00a0R\u00edo de la Plata es la combinaci\u00f3n perfecta entre naturaleza e historia. A su vez, brinda una experiencia que la distingue ya que es <strong>la \u00fanica forma de llegar es a trav\u00e9s de un catamar\u00e1n o lancha<\/strong>.<\/p>\n<p>Hay una amplia variedad de\u00a0<strong>actividades guiadas, recorridos por toda la ciudad y espacios culturales\u00a0<\/strong>que se adentran en las vivencias de los habitantes.<\/p>\n<p>Por otra parte, tambi\u00e9n cuenta con hermosas\u00a0<strong>playas naturales\u00a0<\/strong>para descansar debajo del sol,\u00a0<strong>bosques y plazas<\/strong>\u00a0para disfrutar de los puntos verdes y\u00a0<strong>una fauna con m\u00e1s de 250 especies<\/strong>.<\/p>\n<p><strong>Carnaval del Sol en Dolores:<\/strong><\/p>\n<p>El 2, 3, 4, 9, 10, 11 y 12 de febrero, la ciudad de\u00a0<strong>Dolores<\/strong>\u00a0celebrar\u00e1 una nueva edici\u00f3n del<strong>\u00a0Carnaval del Sol<\/strong>, en el Cors\u00f3dromo Antu Kawin, ubicado en calles Balbi y Robeco. All\u00ed los vecinos y visitantes podr\u00e1n disfrutar del desfile de las comparsas Sheg Yen\u00fa, Say\u00e9n, Kuy\u00e9n, Ar\u00e1 Ber\u00e1, Makumba y Batucada VDN entre otros.<\/p>\n<p><strong>Carnaval de Los Toldos:<\/strong><\/p>\n<p>El s\u00e1bado 3 y domingo 4, desde las 22:00 horas,\u00a0<strong>Los Toldos<\/strong>\u00a0tendr\u00e1 su propio carnaval sobre la avenida San Mart\u00edn. Los asistentes podr\u00e1n disfrutar de desfile de carrozas, batucadas, comparsas y bandas en vivo. El s\u00e1bado se presentar\u00e1 Cachumba y el domingo, Furias Tropicales.<\/p>\n<p><strong>Carnaval del Arte y de la Alegr\u00eda en Guamin\u00ed:<\/strong><\/p>\n<p>Durante los primeros tres fines de semana de febrero, desde las 22:00 horas, se llevar\u00e1 adelante el\u00a0<strong>Carnaval del Arte y de la Alegr\u00eda en Guamin\u00ed<\/strong>. La celebraci\u00f3n se emplazar\u00e1 en el cors\u00f3dromo de avenida Gregorio Garc\u00eda Pereyra. All\u00ed se podr\u00e1 ver desfile de carrozas, carruseles, carros de ingenio, carros dicharacheros, bandas r\u00edtmicas y murgas, entre otras sorpresas.<\/p>\n<p><strong>Carnaval de 25 de Mayo:<\/strong><\/p>\n<p>Festejar\u00e1 el carnaval en el cors\u00f3dromo del Parque Laguna Las Mulitas, ubicado en Boulevar Valmarrosa. El lunes 12 se desarrollar\u00e1 la Fiesta Distrital del Carnaval.<\/p>\n<p><strong>Carnavales en Rivadavia:<\/strong><\/p>\n<p>La noche de este s\u00e1bado 3 de febrero dar\u00e1 inicio a los\u00a0<strong>Carnavales Rivadavia 2024<\/strong>\u00a0en la localidad de\u00a0<strong>Gonz\u00e1lez Moreno<\/strong>, con la presentaci\u00f3n de comparsas, carrozas y un gran baile popular animado por la m\u00fasica en vivo de la banda cordobesa Arrasa como Topadora y el talento local Kaio.<\/p>\n<p>El s\u00e1bado 10 ser\u00e1 el turno de Fort\u00edn Olavarr\u00eda, y el domingo y lunes las comparsas arribar\u00e1n a Am\u00e9rica, con la promesa de un gran baile popular al ritmo de La Nueva Luna.<\/p>\n<p>El cronograma tendr\u00e1 continuidad el s\u00e1bado 17 en Sansinena y el s\u00e1bado 24 en Roosevelt, siempre con la presentaci\u00f3n de comparsas y carrozas, y el cierre con shows musicales en vivo.<\/p>\n<p><strong>32\u00b0 Fiesta Nacional del Carnaval de la Amistad en Maip\u00fa:<\/strong><\/p>\n<p><strong>Maip\u00fa\u00a0<\/strong>tambi\u00e9n contar\u00e1 con su celebraci\u00f3n con la 32\u00b0 edici\u00f3n de la\u00a0<strong>Fiesta Nacional del Carnaval de la Amistad<\/strong>. El evento se realizar\u00e1 del jueves 8 al lunes 12, desde las 22:00 y el d\u00eda domingo 11 a las 19:00, en el Predio del Ferrocarril. Habr\u00e1 comparsas, elecci\u00f3n de las nuevas soberanas y las presentaciones en vivo.<\/p>\n<p><strong>Carnaval Infantil 2024 de Chascom\u00fas:<\/strong><\/p>\n<p>Ideal para los m\u00e1s chiquitos, del viernes 9 al lunes 12, se realizar\u00e1 el\u00a0<strong>Carnaval Infantil 2024<\/strong>\u00a0de la ciudad de\u00a0<strong>Chascom\u00fas<\/strong>. Desde las 20 horas, en el Cors\u00f3dromo de la av. Pte. Ra\u00fal Alfons\u00edn entre Artigas y Mendiola, desfilar\u00e1n comparsas y carrozas integradas por ni\u00f1os y ni\u00f1as.<\/p>\n<p><strong>Carnavales de Lober\u00eda:<\/strong><\/p>\n<p>Desde el s\u00e1bado 10 al martes 23, el centro de la ciudad de\u00a0Lober\u00eda\u00a0se vestir\u00e1 de fiesta con comparsas, murgas, disfraces y espect\u00e1culos musicales. Ser\u00e1 desde las 21 horas, con entrada libre y gratuita.<\/p>\n<p><strong>Carnaval del Norte en Florencio Varela:<\/strong><\/p>\n<p>El sur del conurbano bonaerense tambi\u00e9n vibrar\u00e1 al ritmo de las comparsas con el\u00a0Carnaval del Norte. El evento se desarrollar\u00e1 el s\u00e1bado 17 y domingo 18, de 10:00 a 18:00, en el Museo Hist\u00f3rico Provincial Guillermo Enrique Hudson, calle 1356 (El Zaino) entre av. Hudson y 1379.<\/p>\n<p><strong>51\u00b0 Carnaval Infantil \u00abCorsolandia\u00bb en Las Flores:<\/strong><\/p>\n<p>Se llevar\u00e1 adelante los d\u00edas 17, 18, 24 y 25 de febrero, a las 20:00 horas, en av. Gral Paz, entre av. Avellaneda y Leandro N. Alem. Bajo el lema \u201cVolviendo a Nuestros Or\u00edgenes\u201d, esta edici\u00f3n regresa al lugar donde se origin\u00f3 el carnaval.<\/p>\n<p><strong>Carnaval Artesanal de Lincoln 2024:<\/strong><\/p>\n<p>Se realizar\u00e1 desde el viernes 9 al martes 13. A partir de las 22:00, en Cors\u00f3dromo de av. Massey y av. 25 de Mayo, los vecinos y visitantes vivir\u00e1n cinco incre\u00edbles noches con la presentaci\u00f3n de batucadas, comparsas, atracciones mec\u00e1nicas, carros musical.<\/p>\n<p><strong>Carnaval Regional de Laprida:<\/strong><\/p>\n<p>Del s\u00e1bado 10 al lunes 12,\u00a0<strong>Laprida\u00a0<\/strong>celebrar\u00e1 los carnavales en cors\u00f3dromo Andr\u00e9s Acosta. Los desfiles ser\u00e1n los d\u00edas 10 y 11, y el lunes se quemar\u00e1 el Rey Momo y se llevar\u00e1 a cabo la premiaci\u00f3n con la tem\u00e1tica \u201cecolog\u00eda\u201d.<\/p>\n<p><strong>Carnavales de Azul:<\/strong><\/p>\n<p>Desfiles y elecci\u00f3n de carrozas, disfraces tem\u00e1ticos, comparsas, n\u00fameros musicales, premios y mucho m\u00e1s en los carnavales de\u00a0<strong>Azul<\/strong>. Los festejos se realizar\u00e1n del s\u00e1bado 10 al martes 13, de 22:00 a 00:00, en la Sociedad Espa\u00f1ola, el sal\u00f3n y la calle San Mart\u00edn, entre Cort\u00e1zar y 9 de Julio. <strong>(VW)<\/strong><\/p>\n<p>&nbsp;<\/p>\n","protected":false},"excerpt":{"rendered":"<p>Llega el fin de semana largo, y hay algunas opciones para disfrutar este febrero, que es sin\u00f3nimo de carnavales y la provincia de Buenos Aires se prepara tanto para los que quieran descansar como&#46;&#46;&#46;<\/p>\n","protected":false},"author":4,"featured_media":13564,"comment_status":"closed","ping_status":"closed","sticky":false,"template":"","format":"standard","meta":{"_monsterinsights_skip_tracking":false,"_monsterinsights_sitenote_active":false,"_monsterinsights_sitenote_note":"","_monsterinsights_sitenote_category":0,"footnotes":""},"categories":[8,700],"tags":[5627,5628,751],"class_list":["post-13563","post","type-post","status-publish","format-standard","has-post-thumbnail","hentry","category-interes-general","category-turismo","tag-carnaval-2024","tag-opciones","tag-provincia-de-buenos-aires"],"_links":{"self":[{"href":"https:\/\/www.visionweb.com.ar\/index.php?rest_route=\/wp\/v2\/posts\/13563","targetHints":{"allow":["GET"]}}],"collection":[{"href":"https:\/\/www.visionweb.com.ar\/index.php?rest_route=\/wp\/v2\/posts"}],"about":[{"href":"https:\/\/www.visionweb.com.ar\/index.php?rest_route=\/wp\/v2\/types\/post"}],"author":[{"embeddable":true,"href":"https:\/\/www.visionweb.com.ar\/index.php?rest_route=\/wp\/v2\/users\/4"}],"replies":[{"embeddable":true,"href":"https:\/\/www.visionweb.com.ar\/index.php?rest_route=%2Fwp%2Fv2%2Fcomments&post=13563"}],"version-history":[{"count":1,"href":"https:\/\/www.visionweb.com.ar\/index.php?rest_route=\/wp\/v2\/posts\/13563\/revisions"}],"predecessor-version":[{"id":13565,"href":"https:\/\/www.visionweb.com.ar\/index.php?rest_route=\/wp\/v2\/posts\/13563\/revisions\/13565"}],"wp:featuredmedia":[{"embeddable":true,"href":"https:\/\/www.visionweb.com.ar\/index.php?rest_route=\/wp\/v2\/media\/13564"}],"wp:attachment":[{"href":"https:\/\/www.visionweb.com.ar\/index.php?rest_route=%2Fwp%2Fv2%2Fmedia&parent=13563"}],"wp:term":[{"taxonomy":"category","embeddable":true,"href":"https:\/\/www.visionweb.com.ar\/index.php?rest_route=%2Fwp%2Fv2%2Fcategories&post=13563"},{"taxonomy":"post_tag","embeddable":true,"href":"https:\/\/www.visionweb.com.ar\/index.php?rest_route=%2Fwp%2Fv2%2Ftags&post=13563"}],"curies":[{"name":"wp","href":"https:\/\/api.w.org\/{rel}","templated":true}]}}