{"id":13560,"date":"2024-02-09T09:47:43","date_gmt":"2024-02-09T12:47:43","guid":{"rendered":"https:\/\/www.visionweb.com.ar\/?p=13560"},"modified":"2024-02-09T09:47:43","modified_gmt":"2024-02-09T12:47:43","slug":"transporte-eliminan-los-subsidios-en-las-provincias","status":"publish","type":"post","link":"https:\/\/www.visionweb.com.ar\/?p=13560","title":{"rendered":"Transporte: Eliminan los subsidios en las provincias"},"content":{"rendered":"<p><em><strong>La medida fue anunciada en pleno enfrentamiento con las provincias por la ca\u00edda de la Ley \u00d3mnibus. La disconformidad fue generalizada en Buenos Aires, Mendoza y Santa Fe, entre otras.<\/strong><\/em><!--more--><\/p>\n<p><strong> <img loading=\"lazy\" decoding=\"async\" class=\"size-medium wp-image-13561 alignright\" src=\"https:\/\/www.visionweb.com.ar\/wp-content\/uploads\/2024\/02\/colectivos-300x180.png\" alt=\"\" width=\"300\" height=\"180\" srcset=\"https:\/\/www.visionweb.com.ar\/wp-content\/uploads\/2024\/02\/colectivos-300x180.png 300w, https:\/\/www.visionweb.com.ar\/wp-content\/uploads\/2024\/02\/colectivos.png 499w\" sizes=\"auto, (max-width: 300px) 100vw, 300px\" \/>\u00a0 E<\/strong>l<strong> Ministerio de Econom\u00eda <\/strong>anunci\u00f3 ayer jueves la<strong> eliminaci\u00f3n del Fondo Compensador del Transporte para el interior, que subsidiaba a las empresas de transporte p\u00fablico de pasajeros en las provincias.<\/strong><\/p>\n<p>La medida se conoci\u00f3 horas despu\u00e9s de la derrota del Gobierno en el Congreso con la ley \u00f3mnibus, y gener\u00f3 fuertes cr\u00edticas desde las provincias, que la interpretan como una represalia.<\/p>\n<p><strong>El Fondo Compensador del Interior aportaba recursos a las empresas para mantener tarifas bajas en el interior del pa\u00eds.<\/strong>\u00a0Sin embargo, el Gobierno argument\u00f3 que el sistema era ineficiente y que generaba distorsiones en el mercado.<\/p>\n<p><strong>En lugar de subsidios a las empresas, el Gobierno ahora apuesta por la tarjeta SUBE y la tarifa social.<\/strong>\u00a0Los usuarios que acrediten su condici\u00f3n socioecon\u00f3mica podr\u00e1n acceder a un descuento del 55% en el precio del boleto.<\/p>\n<p>La eliminaci\u00f3n de los subsidios <strong>equivale a la desregulaci\u00f3n del sector del transporte automotor de pasajeros<\/strong>, por lo que podr\u00eda implicar que las empresas puedan fijar libremente el precio del boleto, hecho que podr\u00eda generar un aumento significativo de las tarifas.<\/p>\n<p>As\u00ed, los liberales sostienen que la eliminaci\u00f3n de los subsidios era<strong> necesaria para corregir las distorsiones del mercado.<\/strong><\/p>\n<p>El vocero presidencial, Manuel Adorni, se\u00f1al\u00f3 durante su conferencia de prensa diaria que\u00a0<strong>\u00abel objetivo es la equidad a lo largo y a lo ancho del pa\u00eds<\/strong>\u00a0y dejar de beneficiar a algunos en detrimento de otros, sin demasiadas razones para hacerlo\u00bb.<\/p>\n<p>Adorni dijo que<strong>\u00a0la decisi\u00f3n \u00abpor supuesto va a repercutir en las tarifas\u00bb<\/strong>\u00a0y reiter\u00f3 que el Gobierno busca avanzar en un esquema \u00abjusto\u00bb que \u00abpermita que todos puedan usar el transporte p\u00fablico\u00bb.<\/p>\n<p><strong>Por su parte, las provincias reaccionaron con enojo ante la medida del Gobierno.<\/strong>\u00a0Consideraron que es un castigo por la derrota en el Congreso y que afectar\u00e1 a los sectores m\u00e1s vulnerables de la poblaci\u00f3n, adem\u00e1s de cuestionar que la decisi\u00f3n se tom\u00f3 sin previo aviso a las autoridades locales.<\/p>\n<p>Pasadas algunas horas de conocida la medida, los gobernadores de distintos partidos pol\u00edticos comenzaron a manifestar su disconformidad.<\/p>\n<p>Muchos de ellos ven en el momento de la comunicaci\u00f3n un dato clave. Fue justo despu\u00e9s de que la ley fracasara y el Presidente acusara los mandatarios de \u201ctraidores\u201d y a los legisladores que les responden de \u201cdelincuentes\u201d.\u00a0<strong>Un pase de factura que aumenta la tensi\u00f3n en el v\u00ednculo pol\u00edtico entre los mandatarios y la Casa Rosada<\/strong>.<\/p>\n<p>El gobernador de Santa Fe,\u00a0<strong>Maximiliano Pullaro<\/strong>, destac\u00f3 que a la provincia que gestiona\u00a0<strong>\u201csiempre la han discriminado\u201d<\/strong>: \u201cComo siempre, la provincia de Santa Fe sola le puso el pecho a los problemas. Nunca cre\u00edmos que se iban a cortar los subsidios\u201d.<\/p>\n<p>El mandatario de Mendoza,\u00a0<strong>Alfredo Cornejo<\/strong>, dijo que \u201cLa eliminaci\u00f3n de subsidios de transporte para el interior del pa\u00eds, sosteniendo los del AMBA, incumple el Pacto Fiscal de 2017. Se mantienen fuertes asimetr\u00edas entre el conurbano bonaerense y el resto del pa\u00eds. Bienvenido el orden fiscal, pero debe ser equitativo\u201d, escribi\u00f3 en sus redes sociales.<\/p>\n<p>Mientras en San Juan y Buenos Aires, provincias gobernadas por\u00a0<strong>Marcelo Orrego y Axel Kicillof,<\/strong>\u00a0coincidieron en que \u201cel mayor impacto de la medida lo tendr\u00e1 la gente\u201d. En el gobierno sanjuanino sostienen que la decisi\u00f3n \u201cimpacta en el sector de la sociedad m\u00e1s necesitado\u201d, mientras que en La Plata sostienen que la quita \u201c<strong>ser\u00e1 un golpe a la gente y no al Gobierno<\/strong>\u201d.<\/p>\n<p>En R\u00edo Negro, <strong>Alberto Weretilnek<\/strong>, dijo: \u201cNos va a generar un da\u00f1o muy grande. Nos liquida\u201d. Desde el entorno del gobernador salte\u00f1o<strong>\u00a0Gustavo S\u00e1enz<\/strong>, ocurri\u00f3 lo mismo, donde a la vez advierten que el boleto de colectivo podr\u00eda llegar a salir $800. Ambas provincias est\u00e1n en pie de guerra contra la Casa Rosada porque el Gobierno les dej\u00f3 de transferir los fondos del Incentivo Docente. <strong>(VW)<\/strong><\/p>\n","protected":false},"excerpt":{"rendered":"<p>La medida fue anunciada en pleno enfrentamiento con las provincias por la ca\u00edda de la Ley \u00d3mnibus. La disconformidad fue generalizada en Buenos Aires, Mendoza y Santa Fe, entre otras.<\/p>\n","protected":false},"author":4,"featured_media":13561,"comment_status":"closed","ping_status":"closed","sticky":false,"template":"","format":"standard","meta":{"_monsterinsights_skip_tracking":false,"_monsterinsights_sitenote_active":false,"_monsterinsights_sitenote_note":"","_monsterinsights_sitenote_category":0,"footnotes":""},"categories":[6,4],"tags":[5624,5626,5625],"class_list":["post-13560","post","type-post","status-publish","format-standard","has-post-thumbnail","hentry","category-economia","category-politica","tag-eliminan-subsidios-al-transporte","tag-fondo-compensador-del-transporte","tag-interior-del-pais"],"_links":{"self":[{"href":"https:\/\/www.visionweb.com.ar\/index.php?rest_route=\/wp\/v2\/posts\/13560","targetHints":{"allow":["GET"]}}],"collection":[{"href":"https:\/\/www.visionweb.com.ar\/index.php?rest_route=\/wp\/v2\/posts"}],"about":[{"href":"https:\/\/www.visionweb.com.ar\/index.php?rest_route=\/wp\/v2\/types\/post"}],"author":[{"embeddable":true,"href":"https:\/\/www.visionweb.com.ar\/index.php?rest_route=\/wp\/v2\/users\/4"}],"replies":[{"embeddable":true,"href":"https:\/\/www.visionweb.com.ar\/index.php?rest_route=%2Fwp%2Fv2%2Fcomments&post=13560"}],"version-history":[{"count":1,"href":"https:\/\/www.visionweb.com.ar\/index.php?rest_route=\/wp\/v2\/posts\/13560\/revisions"}],"predecessor-version":[{"id":13562,"href":"https:\/\/www.visionweb.com.ar\/index.php?rest_route=\/wp\/v2\/posts\/13560\/revisions\/13562"}],"wp:featuredmedia":[{"embeddable":true,"href":"https:\/\/www.visionweb.com.ar\/index.php?rest_route=\/wp\/v2\/media\/13561"}],"wp:attachment":[{"href":"https:\/\/www.visionweb.com.ar\/index.php?rest_route=%2Fwp%2Fv2%2Fmedia&parent=13560"}],"wp:term":[{"taxonomy":"category","embeddable":true,"href":"https:\/\/www.visionweb.com.ar\/index.php?rest_route=%2Fwp%2Fv2%2Fcategories&post=13560"},{"taxonomy":"post_tag","embeddable":true,"href":"https:\/\/www.visionweb.com.ar\/index.php?rest_route=%2Fwp%2Fv2%2Ftags&post=13560"}],"curies":[{"name":"wp","href":"https:\/\/api.w.org\/{rel}","templated":true}]}}