{"id":13557,"date":"2024-02-09T09:18:54","date_gmt":"2024-02-09T12:18:54","guid":{"rendered":"https:\/\/www.visionweb.com.ar\/?p=13557"},"modified":"2024-02-09T09:18:54","modified_gmt":"2024-02-09T12:18:54","slug":"solo-habra-una-suba-del-30-del-valor-de-las-prestaciones-para-personas-con-discapacidad","status":"publish","type":"post","link":"https:\/\/www.visionweb.com.ar\/?p=13557","title":{"rendered":"S\u00f3lo habr\u00e1 una suba del 30% del valor de las prestaciones para personas con discapacidad"},"content":{"rendered":"<p><em><strong>El Gobierno lo oficializ\u00f3 ayer. Luego de declarar hace un mes la emergencia en la atenci\u00f3n, el sector entreg\u00f3 ayer un petitorio con las necesidades del sector en la quinta presidencial de Olivos.<\/strong><\/em><!--more--><\/p>\n<p><strong><img loading=\"lazy\" decoding=\"async\" class=\"size-medium wp-image-13558 alignright\" src=\"https:\/\/www.visionweb.com.ar\/wp-content\/uploads\/2024\/02\/discapacidad-300x220.png\" alt=\"\" width=\"300\" height=\"220\" srcset=\"https:\/\/www.visionweb.com.ar\/wp-content\/uploads\/2024\/02\/discapacidad-300x220.png 300w, https:\/\/www.visionweb.com.ar\/wp-content\/uploads\/2024\/02\/discapacidad.png 511w\" sizes=\"auto, (max-width: 300px) 100vw, 300px\" \/>\u00a0\u00a0 E<\/strong>l ministerio de Salud de la Naci\u00f3n y la Agencia Nacional de Discapacidad (Andis) oficializaron ayer el incremento anunciado de un\u00a0<strong>20% para prestaciones del mes de enero y un 10% para febrero,\u00a0<\/strong>adem\u00e1s de ratificar la continuidad de un adicional del 20% para provincias de la Patagonia, seg\u00fan la resoluci\u00f3n conjunta publicada en el Bolet\u00edn Oficial.<\/p>\n<p>El texto estableci\u00f3 una\u00a0<strong>actualizaci\u00f3n del valor de los aranceles vigentes del Sistema de Prestaciones de Atenci\u00f3n Integral a favor de las personas con discapacidad\u00a0<\/strong>en dos tramos acumulativos: un 20% desde enero y un 10% en febrero mientras que el art\u00edculo segundo ratifica la continuidad de un adicional del 20% sobre el arancel b\u00e1sico \u201cpor zona desfavorable\u201d a las prestaciones brindadas en la zona patag\u00f3nica.<\/p>\n<p>En ese sentido, el sector de personas con discapacidad,\u00a0<strong>instituciones de atenci\u00f3n, centros de d\u00eda, de rehabilitaci\u00f3n, transportistas se moviliz\u00f3 ayer en varias provincias\u00a0<\/strong>y entreg\u00f3 un petitorio con las necesidades del sector en la <strong>quinta presidencial de Olivos,<\/strong> luego de declarar hace un mes la emergencia en la atenci\u00f3n.<\/p>\n<p>\u201cEl Foro Permanente de Discapacidad est\u00e1 enfrentando una grave situaci\u00f3n de emergencia en la atenci\u00f3n a personas con discapacidad que provoc\u00f3\u00a0<strong>cierres de muchas instituciones hist\u00f3ricas y lleva a tomar estas medidas junto con el colectivo de familias, usuarios, profesionales e instituciones\u201d,\u00a0<\/strong>se\u00f1al\u00f3 uno de los representantes del espacio en la Ciudad de Buenos Aires, Eduardo Maidana, en medio de la movilizaci\u00f3n en diferentes provincias.<\/p>\n<p>Como representantes de escuelas especiales, centros de d\u00eda, hogares, transportes, estimulaci\u00f3n temprana, apoyo a inclusi\u00f3n educativa y rehabilitaci\u00f3n, entre otros, el petitorio entregado en Olivos explica la situaci\u00f3n que viven las instituciones y el transporte:\u00a0<strong>\u201cSe hace inviable seguir prestando el servicio durante este a\u00f1o con una inflaci\u00f3n anual de 220% mientras dieron un aumento de 120 por ciento para los aranceles\u201d.<\/strong><\/p>\n<p>A trav\u00e9s de un comunicado, la Andis hab\u00eda anunciado el 30 de enero, el aumento oficializado ayer jueves y tambi\u00e9n la reducci\u00f3n de los\u00a0<strong>plazos de pago a menos de 40 d\u00edas de la facturaci\u00f3n a trav\u00e9s de Incluir Salud\u00a0<\/strong>mientras que desde el sector hab\u00eda se\u00f1alado que era <strong>\u201cuna magra propuesta\u201d de actualizaci\u00f3n<\/strong>. (Con informaci\u00f3n de T\u00e9lam) <strong>(VW)<\/strong><\/p>\n","protected":false},"excerpt":{"rendered":"<p>El Gobierno lo oficializ\u00f3 ayer. Luego de declarar hace un mes la emergencia en la atenci\u00f3n, el sector entreg\u00f3 ayer un petitorio con las necesidades del sector en la quinta presidencial de Olivos.<\/p>\n","protected":false},"author":4,"featured_media":13558,"comment_status":"closed","ping_status":"closed","sticky":false,"template":"","format":"standard","meta":{"_monsterinsights_skip_tracking":false,"_monsterinsights_sitenote_active":false,"_monsterinsights_sitenote_note":"","_monsterinsights_sitenote_category":0,"footnotes":""},"categories":[6,8,5],"tags":[5622,5623,5621],"class_list":["post-13557","post","type-post","status-publish","format-standard","has-post-thumbnail","hentry","category-economia","category-interes-general","category-sociedad","tag-30-de-aumento","tag-andis","tag-prestaciones-discapacidad"],"_links":{"self":[{"href":"https:\/\/www.visionweb.com.ar\/index.php?rest_route=\/wp\/v2\/posts\/13557","targetHints":{"allow":["GET"]}}],"collection":[{"href":"https:\/\/www.visionweb.com.ar\/index.php?rest_route=\/wp\/v2\/posts"}],"about":[{"href":"https:\/\/www.visionweb.com.ar\/index.php?rest_route=\/wp\/v2\/types\/post"}],"author":[{"embeddable":true,"href":"https:\/\/www.visionweb.com.ar\/index.php?rest_route=\/wp\/v2\/users\/4"}],"replies":[{"embeddable":true,"href":"https:\/\/www.visionweb.com.ar\/index.php?rest_route=%2Fwp%2Fv2%2Fcomments&post=13557"}],"version-history":[{"count":1,"href":"https:\/\/www.visionweb.com.ar\/index.php?rest_route=\/wp\/v2\/posts\/13557\/revisions"}],"predecessor-version":[{"id":13559,"href":"https:\/\/www.visionweb.com.ar\/index.php?rest_route=\/wp\/v2\/posts\/13557\/revisions\/13559"}],"wp:featuredmedia":[{"embeddable":true,"href":"https:\/\/www.visionweb.com.ar\/index.php?rest_route=\/wp\/v2\/media\/13558"}],"wp:attachment":[{"href":"https:\/\/www.visionweb.com.ar\/index.php?rest_route=%2Fwp%2Fv2%2Fmedia&parent=13557"}],"wp:term":[{"taxonomy":"category","embeddable":true,"href":"https:\/\/www.visionweb.com.ar\/index.php?rest_route=%2Fwp%2Fv2%2Fcategories&post=13557"},{"taxonomy":"post_tag","embeddable":true,"href":"https:\/\/www.visionweb.com.ar\/index.php?rest_route=%2Fwp%2Fv2%2Ftags&post=13557"}],"curies":[{"name":"wp","href":"https:\/\/api.w.org\/{rel}","templated":true}]}}