{"id":13554,"date":"2024-02-09T08:53:57","date_gmt":"2024-02-09T11:53:57","guid":{"rendered":"https:\/\/www.visionweb.com.ar\/?p=13554"},"modified":"2024-02-09T08:53:57","modified_gmt":"2024-02-09T11:53:57","slug":"la-provincia-ordeno-a-osde-suspender-aumentos-en-facturacion-a-una-jubilada","status":"publish","type":"post","link":"https:\/\/www.visionweb.com.ar\/?p=13554","title":{"rendered":"La Provincia orden\u00f3 a OSDE suspender aumentos en facturaci\u00f3n a una jubilada"},"content":{"rendered":"<p><em><strong>Una jubilada bonaerense denunci\u00f3 un desmedido aumento de la cuota OSDE y la Provincia le orden\u00f3 dar marcha atr\u00e1s. Le quer\u00edan cobrar $136.390.<\/strong><\/em><!--more--><\/p>\n<p><strong> <img loading=\"lazy\" decoding=\"async\" class=\"size-medium wp-image-13555 alignright\" src=\"https:\/\/www.visionweb.com.ar\/wp-content\/uploads\/2024\/02\/osde-300x189.png\" alt=\"\" width=\"300\" height=\"189\" srcset=\"https:\/\/www.visionweb.com.ar\/wp-content\/uploads\/2024\/02\/osde-300x189.png 300w, https:\/\/www.visionweb.com.ar\/wp-content\/uploads\/2024\/02\/osde.png 544w\" sizes=\"auto, (max-width: 300px) 100vw, 300px\" \/>\u00a0 E<\/strong>l Gobierno de la provincia de Buenos Aires orden\u00f3 a OSDE que d\u00e9 marcha atr\u00e1s con el desmedido aumento hacia una jubilada bonaerense, que denunci\u00f3 una\u00a0<strong>suba de m\u00e1s de 70%\u00a0<\/strong>durante los meses de enero y febrero, ya que en diciembre hab\u00eda pagado $88.000 y,\u00a0<strong>a partir de los aumentos contemplados en el DNU<\/strong>\u00a0presidencial, le quer\u00edan cobrar $136.390.<\/p>\n<p>En esa l\u00ednea, el Ministerio de Producci\u00f3n, Ciencia e Innovaci\u00f3n Tecnol\u00f3gica dict\u00f3 una medida preventiva a la empresa de medicina prepaga OSDE y le orden\u00f3 que \u00ab<strong>deje sin efecto los incrementos en la cuota<\/strong>\u00a0comunicados para enero y febrero de este a\u00f1o, que reajuste la facturaci\u00f3n de esos meses al \u00edndice anterior utilizado y que designe una audiencia de conciliaci\u00f3n en el marco del procedimiento de defensa de las y los consumidores\u00bb.<\/p>\n<p>El Ministerio inform\u00f3 que:\u00a0<strong>\u201cLa jubilada ten\u00eda 15 a\u00f1os de antig\u00fcedad y es considerada como \u00abhipervulnerable por razones de edad y patolog\u00edas\u00bb. <\/strong>La empresa le hab\u00eda comunicado aumentos del 39,8% para el mes de enero y de 28% para el mes de febrero.<\/p>\n<p>Al respecto, el subsecretario de Desarrollo Comercial y Promoci\u00f3n de Inversiones de la provincia de Buenos Aires, Ariel Aguilar, destac\u00f3 que \u00abEs una verdadera locura que esta ciudadana con ingresos jubilatorios y que est\u00e1 en tratamiento por enfermedades preexistentes, tenga que abandonar el tratamiento porque ya no puede pagar la cuota mensual de la prepaga\u00bb.<\/p>\n<p>Y a\u00f1adi\u00f3: \u201cEl gobernador Axel Kicillof y el ministro Augusto Costa asumen con responsabilidad la defensa de ciudadanos y ciudadanas bonaerenses ante la conducta de este tipo de empresas\u201d.<\/p>\n<p><strong>La multa que deber\u00eda pagar OSDE:\u00a0<\/strong>Desde el organismo informaron que \u00abse trata de una medida concreta a efectos de evitar que los aumentos desmedidos dispuestos por OSDE, o por cualquier empresa de medicina prepaga, atenten contra el Derecho Humano a la Salud de una ciudadana bonaerense, ya que la imposibilidad de pago implicar\u00eda quedar sin cobertura de servicio de salud en esta etapa de su vida\u00bb.<\/p>\n<p>En este sentido, la empresa fue notificada de la presente medida y su incumplimiento ser\u00e1 considerado infracci\u00f3n a la Ley Nacional N\u00b0 24.240 y a la Ley Provincial N\u00b0 13.133,\u00a0siendo pasible de sanci\u00f3n de multa de hasta 700 millones de pesos.<strong> (VW)<\/strong><\/p>\n","protected":false},"excerpt":{"rendered":"<p>Una jubilada bonaerense denunci\u00f3 un desmedido aumento de la cuota OSDE y la Provincia le orden\u00f3 dar marcha atr\u00e1s. Le quer\u00edan cobrar $136.390.<\/p>\n","protected":false},"author":4,"featured_media":13555,"comment_status":"closed","ping_status":"closed","sticky":false,"template":"","format":"standard","meta":{"_monsterinsights_skip_tracking":false,"_monsterinsights_sitenote_active":false,"_monsterinsights_sitenote_note":"","_monsterinsights_sitenote_category":0,"footnotes":""},"categories":[6,4,5],"tags":[5620,3303,5619,5618,356],"class_list":["post-13554","post","type-post","status-publish","format-standard","has-post-thumbnail","hentry","category-economia","category-politica","category-sociedad","tag-jubilada","tag-ministerio-de-produccion","tag-ordenan-el-freno-de-aumento","tag-osde","tag-provincia"],"_links":{"self":[{"href":"https:\/\/www.visionweb.com.ar\/index.php?rest_route=\/wp\/v2\/posts\/13554","targetHints":{"allow":["GET"]}}],"collection":[{"href":"https:\/\/www.visionweb.com.ar\/index.php?rest_route=\/wp\/v2\/posts"}],"about":[{"href":"https:\/\/www.visionweb.com.ar\/index.php?rest_route=\/wp\/v2\/types\/post"}],"author":[{"embeddable":true,"href":"https:\/\/www.visionweb.com.ar\/index.php?rest_route=\/wp\/v2\/users\/4"}],"replies":[{"embeddable":true,"href":"https:\/\/www.visionweb.com.ar\/index.php?rest_route=%2Fwp%2Fv2%2Fcomments&post=13554"}],"version-history":[{"count":1,"href":"https:\/\/www.visionweb.com.ar\/index.php?rest_route=\/wp\/v2\/posts\/13554\/revisions"}],"predecessor-version":[{"id":13556,"href":"https:\/\/www.visionweb.com.ar\/index.php?rest_route=\/wp\/v2\/posts\/13554\/revisions\/13556"}],"wp:featuredmedia":[{"embeddable":true,"href":"https:\/\/www.visionweb.com.ar\/index.php?rest_route=\/wp\/v2\/media\/13555"}],"wp:attachment":[{"href":"https:\/\/www.visionweb.com.ar\/index.php?rest_route=%2Fwp%2Fv2%2Fmedia&parent=13554"}],"wp:term":[{"taxonomy":"category","embeddable":true,"href":"https:\/\/www.visionweb.com.ar\/index.php?rest_route=%2Fwp%2Fv2%2Fcategories&post=13554"},{"taxonomy":"post_tag","embeddable":true,"href":"https:\/\/www.visionweb.com.ar\/index.php?rest_route=%2Fwp%2Fv2%2Ftags&post=13554"}],"curies":[{"name":"wp","href":"https:\/\/api.w.org\/{rel}","templated":true}]}}