{"id":13551,"date":"2024-02-08T11:10:13","date_gmt":"2024-02-08T14:10:13","guid":{"rendered":"https:\/\/www.visionweb.com.ar\/?p=13551"},"modified":"2024-02-08T11:10:13","modified_gmt":"2024-02-08T14:10:13","slug":"salario-minimo-vital-y-movil-la-cgt-pedira-un-85-de-aumento-en-la-proxima-reunion","status":"publish","type":"post","link":"https:\/\/www.visionweb.com.ar\/?p=13551","title":{"rendered":"Salario M\u00ednimo Vital y M\u00f3vil: La CGT pedir\u00e1 un 85% de aumento en la pr\u00f3xima reuni\u00f3n"},"content":{"rendered":"<p><strong><em>Ser\u00e1 el pr\u00f3ximo jueves 15. Los representantes gremiales ya definieron una propuesta de cara a la reuni\u00f3n convocada por el Gobierno, as\u00ed, el piso quedar\u00eda cerca de $ 290.000.<\/em><\/strong><!--more--><\/p>\n<p><strong><img loading=\"lazy\" decoding=\"async\" class=\"size-medium wp-image-13552 alignright\" src=\"https:\/\/www.visionweb.com.ar\/wp-content\/uploads\/2024\/02\/Daer-CGT-300x169.png\" alt=\"\" width=\"300\" height=\"169\" srcset=\"https:\/\/www.visionweb.com.ar\/wp-content\/uploads\/2024\/02\/Daer-CGT-300x169.png 300w, https:\/\/www.visionweb.com.ar\/wp-content\/uploads\/2024\/02\/Daer-CGT.png 512w\" sizes=\"auto, (max-width: 300px) 100vw, 300px\" \/>\u00a0 <\/strong><strong>L<\/strong>a <strong>Confederaci\u00f3n General del Trabajo<\/strong> (CGT) pedir\u00e1\u00a0<strong>un 85% de aumento\u00a0del salario\u00a0inicial <\/strong>en la pr\u00f3xima reuni\u00f3n en el marco del Consejo del Salario M\u00ednimo convocado por el Gobierno, que ser\u00e1 el jueves 15 de febrero. La CTA, por su parte, probablemente exija un incremento a\u00fan mayor.<\/p>\n<p>Empresarios y representantes de los trabajadores deber\u00e1n discutir ese d\u00eda cu\u00e1l ser\u00e1 el incremento que tendr\u00e1n los sueldos, cuyo piso actualmente es de $ 156.000 y cuya \u00faltima actualizaci\u00f3n se produjo en diciembre.\u00a0<strong>Con la propuesta cegetista quedar\u00eda en $ 288.600.<\/strong><\/p>\n<p><strong>El Salario M\u00ednimo Vital y M\u00f3vil (SMVM) actual es de 156.000 pesos para los trabajadores mensualizados o de 780 pesos por hora.<\/strong>\u00a0Este monto, que deber\u00eda haberse actualizado en diciembre de 2023, se ha visto deteriorado por la alta inflaci\u00f3n de los \u00faltimos meses.<\/p>\n<p><strong>En 2023, el SMVM tuvo un aumento del 151,8%, mientras que la inflaci\u00f3n alcanz\u00f3 el 211,4%, lo que representa una p\u00e9rdida del 19% en t\u00e9rminos reales.<\/strong>\u00a0La situaci\u00f3n es a\u00fan peor si se compara con el aumento del costo de la canasta b\u00e1sica alimentaria, en ese caso la ca\u00edda es de 25% en el mismo per\u00edodo.<\/p>\n<p><strong>H\u00e9ctor Daer, secretario general de la CGT, justific\u00f3 el pedido de aumento del 85%<\/strong>, que de aprobarse llevar\u00eda el m\u00ednimo a 288.600 pesos, se\u00f1alando que \u201cla devaluaci\u00f3n, que se suma a la brutal inflaci\u00f3n acumulada diciembre 2023-febrero 2024, sobre todo en insumos de la canasta b\u00e1sica de alimentos y salud, imponen una actualizaci\u00f3n de al menos del 85%\u201d.<\/p>\n<p><strong>El sector empresarial, representado por la UIA y la C\u00e1mara de Comercio, a\u00fan no se ha expedido sobre el pedido de los gremios.<\/strong><\/p>\n<p><strong>La Comisi\u00f3n de Salario M\u00ednimo<\/strong>, que se re\u00fane el 15 de febrero, est\u00e1 integrada por representantes de la CGT, la CTA, el sector empresario y el Estado. Su objetivo es fijar el nuevo monto del SMVM para los pr\u00f3ximos meses.<\/p>\n<p><strong>El debate sobre el salario m\u00ednimo se enmarca en un contexto de alta inflaci\u00f3n y p\u00e9rdida del poder adquisitivo del salario.<\/strong>\u00a0El aumento del SMVM es una herramienta importante para proteger a los trabajadores m\u00e1s vulnerables, pero no es la \u00fanica soluci\u00f3n. Es necesario tambi\u00e9n implementar pol\u00edticas que apunten a controlar la inflaci\u00f3n y reactivar la econom\u00eda. <strong>(VW)<\/strong><\/p>\n","protected":false},"excerpt":{"rendered":"<p>Ser\u00e1 el pr\u00f3ximo jueves 15. Los representantes gremiales ya definieron una propuesta de cara a la reuni\u00f3n convocada por el Gobierno, as\u00ed, el piso quedar\u00eda cerca de $ 290.000.<\/p>\n","protected":false},"author":4,"featured_media":13552,"comment_status":"closed","ping_status":"closed","sticky":false,"template":"","format":"standard","meta":{"_monsterinsights_skip_tracking":false,"_monsterinsights_sitenote_active":false,"_monsterinsights_sitenote_note":"","_monsterinsights_sitenote_category":0,"footnotes":""},"categories":[6,4],"tags":[2032,5468,5617,5616],"class_list":["post-13551","post","type-post","status-publish","format-standard","has-post-thumbnail","hentry","category-economia","category-politica","tag-cgt","tag-daer","tag-pediran-85-de-aumento","tag-reunion-del-salario"],"_links":{"self":[{"href":"https:\/\/www.visionweb.com.ar\/index.php?rest_route=\/wp\/v2\/posts\/13551","targetHints":{"allow":["GET"]}}],"collection":[{"href":"https:\/\/www.visionweb.com.ar\/index.php?rest_route=\/wp\/v2\/posts"}],"about":[{"href":"https:\/\/www.visionweb.com.ar\/index.php?rest_route=\/wp\/v2\/types\/post"}],"author":[{"embeddable":true,"href":"https:\/\/www.visionweb.com.ar\/index.php?rest_route=\/wp\/v2\/users\/4"}],"replies":[{"embeddable":true,"href":"https:\/\/www.visionweb.com.ar\/index.php?rest_route=%2Fwp%2Fv2%2Fcomments&post=13551"}],"version-history":[{"count":1,"href":"https:\/\/www.visionweb.com.ar\/index.php?rest_route=\/wp\/v2\/posts\/13551\/revisions"}],"predecessor-version":[{"id":13553,"href":"https:\/\/www.visionweb.com.ar\/index.php?rest_route=\/wp\/v2\/posts\/13551\/revisions\/13553"}],"wp:featuredmedia":[{"embeddable":true,"href":"https:\/\/www.visionweb.com.ar\/index.php?rest_route=\/wp\/v2\/media\/13552"}],"wp:attachment":[{"href":"https:\/\/www.visionweb.com.ar\/index.php?rest_route=%2Fwp%2Fv2%2Fmedia&parent=13551"}],"wp:term":[{"taxonomy":"category","embeddable":true,"href":"https:\/\/www.visionweb.com.ar\/index.php?rest_route=%2Fwp%2Fv2%2Fcategories&post=13551"},{"taxonomy":"post_tag","embeddable":true,"href":"https:\/\/www.visionweb.com.ar\/index.php?rest_route=%2Fwp%2Fv2%2Ftags&post=13551"}],"curies":[{"name":"wp","href":"https:\/\/api.w.org\/{rel}","templated":true}]}}