{"id":13544,"date":"2024-02-08T08:10:51","date_gmt":"2024-02-08T11:10:51","guid":{"rendered":"https:\/\/www.visionweb.com.ar\/?p=13544"},"modified":"2024-02-07T23:19:34","modified_gmt":"2024-02-08T02:19:34","slug":"hace-114-anos-se-realizo-en-longchams-el-primer-vuelo-controlado","status":"publish","type":"post","link":"https:\/\/www.visionweb.com.ar\/?p=13544","title":{"rendered":"Hace 114 a\u00f1os se realiz\u00f3 en Longchams el primer vuelo controlado"},"content":{"rendered":"<p><em><strong>La actividad concluy\u00f3 con la lectura de una carta recibida desde Francia por el ex c\u00f3nsul Dominique Homa y con la interpretaci\u00f3n de la Marcha de Malvinas por la Banda de la Fuerza A\u00e9rea Argentina.<\/strong><\/em><!--more--><\/p>\n<p><img loading=\"lazy\" decoding=\"async\" class=\"size-medium wp-image-13545 alignright\" src=\"https:\/\/www.visionweb.com.ar\/wp-content\/uploads\/2024\/02\/AV-IACION-300x170.png\" alt=\"\" width=\"300\" height=\"170\" srcset=\"https:\/\/www.visionweb.com.ar\/wp-content\/uploads\/2024\/02\/AV-IACION-300x170.png 300w, https:\/\/www.visionweb.com.ar\/wp-content\/uploads\/2024\/02\/AV-IACION.png 640w\" sizes=\"auto, (max-width: 300px) 100vw, 300px\" \/>Corr\u00eda 1910, el pa\u00eds se preparaba para celebrar su primer centenario de vida, y en Longchamps, al sur de la ciudad de Buenos Aires,\u00a0<strong>el piloto franc\u00e9s Henri Br\u00e9gi protagonizaba el primer vuelo en aeronave controlado en toda la Am\u00e9rica del Sur.<\/strong><\/p>\n<p>El martes \u00faltimo, el Municipio de Almirante Brown conmemor\u00f3 en el mismo lugar de la epopeya el 114\u00b0 Aniversario del momento en que e<strong>l aviador, con 21 a\u00f1os, sell\u00f3 la proeza al volar su aeroplano Vois\u00edn durante 16 minutos sobre el entonces hip\u00f3dromo de Longchamps,\u00a0<\/strong>considerado el primer vuelo controlado de Sudam\u00e9rica.<\/p>\n<p>Las actividades fueron encabezadas por el secretario de Gobierno, Juan Fabiani, quien coloc\u00f3 una ofrenda floral en la Plaza Henri Br\u00e9gi, situada en la intersecci\u00f3n de las calles Burgwardt y Motti de Tieghi, junto con integrantes del Instituto Newberiano. Posteriormente, como es habitual,\u00a0<strong>el homenaje se traslad\u00f3 hasta el Country Club de Longchamps<\/strong>.<\/p>\n<p>Estuvieron junto a Fabiani el presidente del Country Club, Francisco Blangiardi; el presidente del Instituto Newberiano, Hugo Iraizoz; el embajador de Hait\u00ed en Argentina, Vilbert B\u00e9lizaire, y el primer secretario de la Embajada de la Rep\u00fablica Federal de Alemania, Justus Maximilian Kemper.<\/p>\n<p>All\u00ed se llev\u00f3 adelante el acto oficial, junto con el Instituto Newberiano, que comenz\u00f3 con la entonaci\u00f3n del Himno Nacional Argentino, continu\u00f3 con interpretaciones musicales de la Banda de la Fuerza A\u00e9rea Argentina y una entrega de reconocimientos.<\/p>\n<p>La actividad concluy\u00f3 con la lectura de una carta recibida desde Francia por el ex c\u00f3nsul Dominique Homa y con la interpretaci\u00f3n de la Marcha de Malvinas por la Banda de la Fuerza A\u00e9rea Argentina.<\/p>\n<p>Dijeron presente durante la jornada el presidente del Instituto de Estudios Hist\u00f3ricos, Emilio Klubus; el vicepresidente del Instituto Newberiano, Leandro Heveel; la directora General de Relaciones Institucionales, Sandra Batkin; la delegada municipal de Longchamps, Valeria Soria; el coordinador de Longchamps, Ariel C\u00f3rdoba e instituciones de Longchamps por la Cultura y la Historia, entre otras autoridades<strong>(VW)<\/strong>.<\/p>\n","protected":false},"excerpt":{"rendered":"<p>La actividad concluy\u00f3 con la lectura de una carta recibida desde Francia por el ex c\u00f3nsul Dominique Homa y con la interpretaci\u00f3n de la Marcha de Malvinas por la Banda de la Fuerza A\u00e9rea&#46;&#46;&#46;<\/p>\n","protected":false},"author":3,"featured_media":13545,"comment_status":"closed","ping_status":"closed","sticky":false,"template":"","format":"standard","meta":{"_monsterinsights_skip_tracking":false,"_monsterinsights_sitenote_active":false,"_monsterinsights_sitenote_note":"","_monsterinsights_sitenote_category":0,"footnotes":""},"categories":[5],"tags":[92,5610,5609],"class_list":["post-13544","post","type-post","status-publish","format-standard","has-post-thumbnail","hentry","category-sociedad","tag-aniversario","tag-aviacion","tag-vuelo"],"_links":{"self":[{"href":"https:\/\/www.visionweb.com.ar\/index.php?rest_route=\/wp\/v2\/posts\/13544","targetHints":{"allow":["GET"]}}],"collection":[{"href":"https:\/\/www.visionweb.com.ar\/index.php?rest_route=\/wp\/v2\/posts"}],"about":[{"href":"https:\/\/www.visionweb.com.ar\/index.php?rest_route=\/wp\/v2\/types\/post"}],"author":[{"embeddable":true,"href":"https:\/\/www.visionweb.com.ar\/index.php?rest_route=\/wp\/v2\/users\/3"}],"replies":[{"embeddable":true,"href":"https:\/\/www.visionweb.com.ar\/index.php?rest_route=%2Fwp%2Fv2%2Fcomments&post=13544"}],"version-history":[{"count":1,"href":"https:\/\/www.visionweb.com.ar\/index.php?rest_route=\/wp\/v2\/posts\/13544\/revisions"}],"predecessor-version":[{"id":13546,"href":"https:\/\/www.visionweb.com.ar\/index.php?rest_route=\/wp\/v2\/posts\/13544\/revisions\/13546"}],"wp:featuredmedia":[{"embeddable":true,"href":"https:\/\/www.visionweb.com.ar\/index.php?rest_route=\/wp\/v2\/media\/13545"}],"wp:attachment":[{"href":"https:\/\/www.visionweb.com.ar\/index.php?rest_route=%2Fwp%2Fv2%2Fmedia&parent=13544"}],"wp:term":[{"taxonomy":"category","embeddable":true,"href":"https:\/\/www.visionweb.com.ar\/index.php?rest_route=%2Fwp%2Fv2%2Fcategories&post=13544"},{"taxonomy":"post_tag","embeddable":true,"href":"https:\/\/www.visionweb.com.ar\/index.php?rest_route=%2Fwp%2Fv2%2Ftags&post=13544"}],"curies":[{"name":"wp","href":"https:\/\/api.w.org\/{rel}","templated":true}]}}