{"id":13539,"date":"2024-02-07T10:24:18","date_gmt":"2024-02-07T13:24:18","guid":{"rendered":"https:\/\/www.visionweb.com.ar\/?p=13539"},"modified":"2024-02-07T10:24:18","modified_gmt":"2024-02-07T13:24:18","slug":"reclamo-vecinos-del-delta-de-tigre-siguen-sin-luz-desde-diciembre","status":"publish","type":"post","link":"https:\/\/www.visionweb.com.ar\/?p=13539","title":{"rendered":"Reclamo: Vecinos del Delta de Tigre siguen sin luz desde diciembre"},"content":{"rendered":"<p><em><strong>Se reunir\u00e1n este viernes para movilizarse hasta la sede del ENRE en reclamo por la falta de suministro el\u00e9ctrico luego del temporal del 17 de diciembre.<\/strong><\/em><!--more--><\/p>\n<p><strong> <img loading=\"lazy\" decoding=\"async\" class=\"size-medium wp-image-13540 alignright\" src=\"https:\/\/www.visionweb.com.ar\/wp-content\/uploads\/2024\/02\/Delta-sin-luz-300x153.png\" alt=\"\" width=\"300\" height=\"153\" srcset=\"https:\/\/www.visionweb.com.ar\/wp-content\/uploads\/2024\/02\/Delta-sin-luz-300x153.png 300w, https:\/\/www.visionweb.com.ar\/wp-content\/uploads\/2024\/02\/Delta-sin-luz.png 552w\" sizes=\"auto, (max-width: 300px) 100vw, 300px\" \/>\u00a0\u00a0\u00a0 H<\/strong>abitantes de las<strong> islas del Delta de Tigre<\/strong> realizar\u00e1n una <strong>concentraci\u00f3n este viernes 9 de febrero<\/strong> frente al Ente Nacional Regulador de la Electricidad (ENRE) en reclamo por irregularidades del suministro el\u00e9ctrico, que contin\u00faa con problemas y cortes desde el temporal del 17 de diciembre.<\/p>\n<p><strong>\u00abEstado nacional no est\u00e1 interviniendo para que mejoren el servicio\u00bb, subrayaron. Nos est\u00e1n cobrando todas las tarifas sin haber tenido luz, internet, ni celular\u00bb, reclam\u00f3 la Asamblea Isle\u00f1a en la convocatoria a la protesta.<\/strong><\/p>\n<p>En este contexto los isle\u00f1os se concentrar\u00e1n a las 11:00hs en la sede del ENRE, para pedir su intervenci\u00f3n para que mejore el servicio. De este modo, los vecinos convocaron a las 9:00hs en la estaci\u00f3n de Tigre.<\/p>\n<p><strong>Dos meses sin luz en las Islas del Delta: <\/strong><\/p>\n<p>El temporal de diciembre ocasion\u00f3 destrozos y muertes en varias ciudades de la provincia de Buenos Aires. En el caso de Tigre, cientos de familias se quedaron incomunicadas y realizaron un corte en el r\u00edo el 30 de diciembre.<\/p>\n<p>Hoy, a casi dos meses del temporal del 17 de diciembre, denuncian que a\u00fan hay mucha gente sin luz:\u00a0<strong>\u00abD\u00eda por medio nos cortan a todos. Adem\u00e1s, el servicio de Interisle\u00f1a subi\u00f3 casi 300%\u00bb<\/strong>, se\u00f1al\u00f3 una vecina en di\u00e1logo con\u00a0<em>T\u00e9lam<\/em>.<\/p>\n<p>A su vez, ante cada alerta el temor vuelve, ya que con las lluvias vuelven a cortarse los servicios de luz. A esto se le suma el aumento en los precios de las lanchas colectivas.<\/p>\n<p>El pasado 16 de enero los vecinos de las Islas tambi\u00e9n volvieron a movilizarse a Edenor de San Fernando en pedido de justicia, tambi\u00e9n, por Rub\u00e9n Haita, un trabajador de EDENOR, que falleci\u00f3 mientras realizaba trabajos de reparaci\u00f3n del tendido el\u00e9ctrico tras el temporal, y por Natanael Manke, quien sufri\u00f3 heridas. <strong>(VW)<\/strong><\/p>\n<p>&nbsp;<\/p>\n","protected":false},"excerpt":{"rendered":"<p>Se reunir\u00e1n este viernes para movilizarse hasta la sede del ENRE en reclamo por la falta de suministro el\u00e9ctrico luego del temporal del 17 de diciembre.<\/p>\n","protected":false},"author":4,"featured_media":13540,"comment_status":"closed","ping_status":"closed","sticky":false,"template":"","format":"standard","meta":{"_monsterinsights_skip_tracking":false,"_monsterinsights_sitenote_active":false,"_monsterinsights_sitenote_note":"","_monsterinsights_sitenote_category":0,"footnotes":""},"categories":[8],"tags":[952,4087,5608,5607],"class_list":["post-13539","post","type-post","status-publish","format-standard","has-post-thumbnail","hentry","category-interes-general","tag-enre","tag-sin-luz","tag-tigre","tag-vecinos-del-delta"],"_links":{"self":[{"href":"https:\/\/www.visionweb.com.ar\/index.php?rest_route=\/wp\/v2\/posts\/13539","targetHints":{"allow":["GET"]}}],"collection":[{"href":"https:\/\/www.visionweb.com.ar\/index.php?rest_route=\/wp\/v2\/posts"}],"about":[{"href":"https:\/\/www.visionweb.com.ar\/index.php?rest_route=\/wp\/v2\/types\/post"}],"author":[{"embeddable":true,"href":"https:\/\/www.visionweb.com.ar\/index.php?rest_route=\/wp\/v2\/users\/4"}],"replies":[{"embeddable":true,"href":"https:\/\/www.visionweb.com.ar\/index.php?rest_route=%2Fwp%2Fv2%2Fcomments&post=13539"}],"version-history":[{"count":1,"href":"https:\/\/www.visionweb.com.ar\/index.php?rest_route=\/wp\/v2\/posts\/13539\/revisions"}],"predecessor-version":[{"id":13541,"href":"https:\/\/www.visionweb.com.ar\/index.php?rest_route=\/wp\/v2\/posts\/13539\/revisions\/13541"}],"wp:featuredmedia":[{"embeddable":true,"href":"https:\/\/www.visionweb.com.ar\/index.php?rest_route=\/wp\/v2\/media\/13540"}],"wp:attachment":[{"href":"https:\/\/www.visionweb.com.ar\/index.php?rest_route=%2Fwp%2Fv2%2Fmedia&parent=13539"}],"wp:term":[{"taxonomy":"category","embeddable":true,"href":"https:\/\/www.visionweb.com.ar\/index.php?rest_route=%2Fwp%2Fv2%2Fcategories&post=13539"},{"taxonomy":"post_tag","embeddable":true,"href":"https:\/\/www.visionweb.com.ar\/index.php?rest_route=%2Fwp%2Fv2%2Ftags&post=13539"}],"curies":[{"name":"wp","href":"https:\/\/api.w.org\/{rel}","templated":true}]}}