{"id":13530,"date":"2024-02-07T08:56:17","date_gmt":"2024-02-07T11:56:17","guid":{"rendered":"https:\/\/www.visionweb.com.ar\/?p=13530"},"modified":"2024-02-07T09:22:38","modified_gmt":"2024-02-07T12:22:38","slug":"la-ley-omnibus-volvio-a-comision","status":"publish","type":"post","link":"https:\/\/www.visionweb.com.ar\/?p=13530","title":{"rendered":"Naufrag\u00f3 la Ley \u00f3mnibus, volvi\u00f3 a Comisi\u00f3n"},"content":{"rendered":"<p><em><strong>Cr\u00edtica de gobernadores. El bloque oficialista pidi\u00f3 enviar el Proyecto otra vez a Comisi\u00f3n. La iniciativa oficial volvi\u00f3 a foja \u00ab0\u00bb<\/strong><\/em>\u00a0 <!--more--><\/p>\n<p><img loading=\"lazy\" decoding=\"async\" class=\"size-medium wp-image-9267 alignright\" src=\"https:\/\/www.visionweb.com.ar\/wp-content\/uploads\/2023\/01\/Sesiones-congreso-ene2023-300x171.jpg\" alt=\"\" width=\"300\" height=\"171\" srcset=\"https:\/\/www.visionweb.com.ar\/wp-content\/uploads\/2023\/01\/Sesiones-congreso-ene2023-300x171.jpg 300w, https:\/\/www.visionweb.com.ar\/wp-content\/uploads\/2023\/01\/Sesiones-congreso-ene2023.bmp 441w\" sizes=\"auto, (max-width: 300px) 100vw, 300px\" \/>Pese a que durante gran parte del mes de enero se discuti\u00f3 en las Comisiones y su posterior aprobaci\u00f3n en en general en el recinto, el Proyecto de Ley \u00f3mnibus, por pedido del bloque oficialista volvi\u00f3 a Comisi\u00f3n, con lo cual se deber\u00e1 iniciar\u00a0 un nuevo debate en las respectivas comisiones.<\/p>\n<p>Luego de varios reveses en art\u00edculos clave de la Ley \u00d3mnibus sufridos por el oficialismo, la C\u00e1mara de Diputados de la Naci\u00f3n resolvi\u00f3 devolver el proyecto a comisi\u00f3n, por lo que se levant\u00f3 la sesi\u00f3n y el tr\u00e1mite legislativo vuelve a fojas cero.<\/p>\n<p>Luego de que se aprobaran declaraciones de emergencia en materia\u00a0<strong>econ\u00f3mica, administrativa, financiera, tarifaria, energ\u00e9tica y de seguridad<\/strong>; y posteriormente se confirieran facultades legislativas al Poder Ejecutivo, se produjeron en el recinto una sucesi\u00f3n de votaciones en contra que debilitaron el fondo del proyecto.<\/p>\n<p>Luego de un cuarto intermedio solicitado por el diputado Miguel Pichetto justo antes de que comenzara el tratamiento del cap\u00edtulo de privatizaciones, el bloque de\u00a0<strong>La Libertad Avanza solicit\u00f3 que el proyecto volviera a comisi\u00f3n para discutir un nuevo dictamen<\/strong>, lo que implica que todo lo votado hasta el momento quede sin efecto y se reinicie el tr\u00e1mite parlamentario.<\/p>\n<p>Poco despu\u00e9s de levantadas la sesi\u00f3n en Diputados, desde la bancada oficialista emitieron un comunicado en duros t\u00e9rminos contra los gobernadores, acus\u00e1ndolos de traidores y atribuy\u00e9ndoles la responsabilidad del fracaso del tratamiento del proyecto de Ley.<\/p>\n<p>\u201cLa traici\u00f3n se paga cara y La Libertad Avanza no va a permitir que los gobernadores extorsionen al pueblo para mantener sus privilegios. La Ley Bases vuelve a comisi\u00f3n\u201d, indicaron en in tuit.<\/p>\n<p><strong>Los Gobernadores<\/strong><\/p>\n<p>Por su parte, los\u00a0 gobernadores de <strong>Juntos por el Cambio le respondieron al presidente Javier Milei<\/strong> tras las cr\u00edticas por la ca\u00edda de la ley \u00f3mnibus y le reclamaron \u201crespeto\u201d.<\/p>\n<p>Los diez mandatarios provinciales de JxC aclararon que tanto ellos como sus diputados acompa\u00f1aron el proyecto que estuvo en consideraci\u00f3n en Diputados.<\/p>\n<p>\u201cCumplimos el compromiso asumido p\u00fablicamente de ayudar al gobierno entrante con las herramientas que cree necesarias para hacer las transformaciones que requiere nuestro pa\u00eds\u201d, afirmaron.<\/p>\n<p>En un comunicado, agregaron: \u201cNo corresponde entonces que nos responsabilicen ni que nos falten el respeto aduciendo poca vocaci\u00f3n de di\u00e1logo e incapacidad de nuestra parte, cuando en realidad trabajamos incansablemente para lograr los consensos necesarios para que se le aprueba la ley Bases\u201c.<\/p>\n<p>Firmaron el mensaje los mandatarios Jorge Macri (CABA), Leandro Zdero (Chaco), Ignacio Torres (Chubut), Gustavo Vald\u00e9s (Corrientes), Rogelio Frigerio (Entre R\u00edos), Carlos Zadir (Jujuy), Alfredo Cornejo (Mendoza), Claudio Poggi (San Luis), Marcelo Orrego (San Juan) y Maximiliano Pullaro (Santa Fe)<strong>(VW)<\/strong>.<\/p>\n","protected":false},"excerpt":{"rendered":"<p>Cr\u00edtica de gobernadores. El bloque oficialista pidi\u00f3 enviar el Proyecto otra vez a Comisi\u00f3n. La iniciativa oficial volvi\u00f3 a foja \u00ab0\u00bb\u00a0<\/p>\n","protected":false},"author":3,"featured_media":9267,"comment_status":"closed","ping_status":"closed","sticky":false,"template":"","format":"standard","meta":{"_monsterinsights_skip_tracking":false,"_monsterinsights_sitenote_active":false,"_monsterinsights_sitenote_note":"","_monsterinsights_sitenote_category":0,"footnotes":""},"categories":[4],"tags":[211,325,143,1263,186],"class_list":["post-13530","post","type-post","status-publish","format-standard","has-post-thumbnail","hentry","category-politica","tag-comision","tag-criticas","tag-diputados","tag-gobernadores","tag-ley"],"_links":{"self":[{"href":"https:\/\/www.visionweb.com.ar\/index.php?rest_route=\/wp\/v2\/posts\/13530","targetHints":{"allow":["GET"]}}],"collection":[{"href":"https:\/\/www.visionweb.com.ar\/index.php?rest_route=\/wp\/v2\/posts"}],"about":[{"href":"https:\/\/www.visionweb.com.ar\/index.php?rest_route=\/wp\/v2\/types\/post"}],"author":[{"embeddable":true,"href":"https:\/\/www.visionweb.com.ar\/index.php?rest_route=\/wp\/v2\/users\/3"}],"replies":[{"embeddable":true,"href":"https:\/\/www.visionweb.com.ar\/index.php?rest_route=%2Fwp%2Fv2%2Fcomments&post=13530"}],"version-history":[{"count":4,"href":"https:\/\/www.visionweb.com.ar\/index.php?rest_route=\/wp\/v2\/posts\/13530\/revisions"}],"predecessor-version":[{"id":13534,"href":"https:\/\/www.visionweb.com.ar\/index.php?rest_route=\/wp\/v2\/posts\/13530\/revisions\/13534"}],"wp:featuredmedia":[{"embeddable":true,"href":"https:\/\/www.visionweb.com.ar\/index.php?rest_route=\/wp\/v2\/media\/9267"}],"wp:attachment":[{"href":"https:\/\/www.visionweb.com.ar\/index.php?rest_route=%2Fwp%2Fv2%2Fmedia&parent=13530"}],"wp:term":[{"taxonomy":"category","embeddable":true,"href":"https:\/\/www.visionweb.com.ar\/index.php?rest_route=%2Fwp%2Fv2%2Fcategories&post=13530"},{"taxonomy":"post_tag","embeddable":true,"href":"https:\/\/www.visionweb.com.ar\/index.php?rest_route=%2Fwp%2Fv2%2Ftags&post=13530"}],"curies":[{"name":"wp","href":"https:\/\/api.w.org\/{rel}","templated":true}]}}