{"id":13524,"date":"2024-02-07T08:28:07","date_gmt":"2024-02-07T11:28:07","guid":{"rendered":"https:\/\/www.visionweb.com.ar\/?p=13524"},"modified":"2024-02-07T08:18:02","modified_gmt":"2024-02-07T11:18:02","slug":"referentes-de-la-coalicion-civica-ari-analizaron-los-problemas-de-inseguridad","status":"publish","type":"post","link":"https:\/\/www.visionweb.com.ar\/?p=13524","title":{"rendered":"Referentes de la Coalici\u00f3n C\u00edvica &#8211; ARI analizaron los problemas de inseguridad"},"content":{"rendered":"<p><em><strong>Son los principales referentes de la CC-A de la Tercera secci\u00f3n electoral. En el encuetroi se abord\u00f3 tambi\u00e9n la situaci\u00f3n de IOMA, entre otros temas.<\/strong><\/em><br \/>\n<!--more--><\/p>\n<p><img loading=\"lazy\" decoding=\"async\" class=\"size-medium wp-image-13525 alignright\" src=\"https:\/\/www.visionweb.com.ar\/wp-content\/uploads\/2024\/02\/ARI-CC-300x225.jpeg\" alt=\"\" width=\"300\" height=\"225\" srcset=\"https:\/\/www.visionweb.com.ar\/wp-content\/uploads\/2024\/02\/ARI-CC-300x225.jpeg 300w, https:\/\/www.visionweb.com.ar\/wp-content\/uploads\/2024\/02\/ARI-CC-320x240.jpeg 320w, https:\/\/www.visionweb.com.ar\/wp-content\/uploads\/2024\/02\/ARI-CC.jpeg 640w\" sizes=\"auto, (max-width: 300px) 100vw, 300px\" \/>Los principales referentes de la alianza Coalici\u00f3n C\u00edvica &#8211; Ari, de la Tercera secci\u00f3n electoral bonaerense analizaron, d\u00edas atr\u00e1s en Lomas de Zamora, los principales problemas de la Provincia que adem\u00e1s de la inseguridad, la situaci\u00f3n de IOMA y, el medio ambiente, entre otros que afectan a los municipios bonaerenses.<\/p>\n<p>La inseguridad fue el tema principal en la agenda, reflejando la creciente preocupaci\u00f3n sobre este tema en toda la provincia.<\/p>\n<p>Los dirigentes, en ese sentido, expresaron su compromiso de trabajar en estrategias conjuntas con los Diputados de la fuerza a nivel Provincial, en pos de que el Gobierno de Kicillof cumpla con su manda Constitucional, la de garantizar la seguridad.<\/p>\n<p>Adem\u00e1s de la inseguridad,\u00a0 se abordaron durante la reuni\u00f3n los problemas de atenci\u00f3n en el Instituto de Obra M\u00e9dico Asistencial (IOMA), la situaci\u00f3n en el \u00e1mbito educativo y las preocupaciones ambientales.<\/p>\n<p>Los dirigentes acordaron que estos ser\u00e1n los ejes de su trabajo futuro, buscando soluciones concretas y medidas que beneficien a la comunidad.<\/p>\n<p>Comisi\u00f3n de Seguridad<\/p>\n<p>Pese a haber transcurridos varios d\u00edas desde el pedido de constituir con \u00aburgencia\u00bb la constituci\u00f3n de la Comision de seguridad, efectuada por los bloques de la Coalici\u00f3n C\u00edvica Ari, UCR , Unidos por Lomas y La Libertad Avanza, los ediles: \u00abA\u00fan no fuimos convocados\u00bb se\u00f1alo el concejal Jorge Villalba referente de la CC-Ari.<\/p>\n<p>La situaci\u00f3n es m\u00e1s que alarmante, porque \u00ablos robos se reiteran y crecen d\u00eda a d\u00eda. Solo algunos son los que cobran mayor notoriedad tal el caso acontecido hace 24 hs en Turdera d\u00f3nde adultos mayores fueron maniatados y robados o el de dos j\u00f3venes que fueron asesinados en un presunto ajuste de cuentas\u00bb .<br \/>\n\u00abLa poblaci\u00f3n est\u00e1 m\u00e1s que atemorizada , necesitamos la conformacion de la Comisi\u00f3n y que el Secretario de seguridad Municipal concurra a la misma y nos brinde un informe de lo que se est\u00e1 haciendo\u00bb. sentenci\u00f3 Villalba <strong>(VW)<\/strong>.<\/p>\n<p>&nbsp;<\/p>\n","protected":false},"excerpt":{"rendered":"<p>Son los principales referentes de la CC-A de la Tercera secci\u00f3n electoral. En el encuetroi se abord\u00f3 tambi\u00e9n la situaci\u00f3n de IOMA, entre otros temas.<\/p>\n","protected":false},"author":3,"featured_media":13525,"comment_status":"closed","ping_status":"closed","sticky":false,"template":"","format":"standard","meta":{"_monsterinsights_skip_tracking":false,"_monsterinsights_sitenote_active":false,"_monsterinsights_sitenote_note":"","_monsterinsights_sitenote_category":0,"footnotes":""},"categories":[4],"tags":[5603,211,1929,529],"class_list":["post-13524","post","type-post","status-publish","format-standard","has-post-thumbnail","hentry","category-politica","tag-cc-ari","tag-comision","tag-constitucion","tag-seguridad"],"_links":{"self":[{"href":"https:\/\/www.visionweb.com.ar\/index.php?rest_route=\/wp\/v2\/posts\/13524","targetHints":{"allow":["GET"]}}],"collection":[{"href":"https:\/\/www.visionweb.com.ar\/index.php?rest_route=\/wp\/v2\/posts"}],"about":[{"href":"https:\/\/www.visionweb.com.ar\/index.php?rest_route=\/wp\/v2\/types\/post"}],"author":[{"embeddable":true,"href":"https:\/\/www.visionweb.com.ar\/index.php?rest_route=\/wp\/v2\/users\/3"}],"replies":[{"embeddable":true,"href":"https:\/\/www.visionweb.com.ar\/index.php?rest_route=%2Fwp%2Fv2%2Fcomments&post=13524"}],"version-history":[{"count":1,"href":"https:\/\/www.visionweb.com.ar\/index.php?rest_route=\/wp\/v2\/posts\/13524\/revisions"}],"predecessor-version":[{"id":13526,"href":"https:\/\/www.visionweb.com.ar\/index.php?rest_route=\/wp\/v2\/posts\/13524\/revisions\/13526"}],"wp:featuredmedia":[{"embeddable":true,"href":"https:\/\/www.visionweb.com.ar\/index.php?rest_route=\/wp\/v2\/media\/13525"}],"wp:attachment":[{"href":"https:\/\/www.visionweb.com.ar\/index.php?rest_route=%2Fwp%2Fv2%2Fmedia&parent=13524"}],"wp:term":[{"taxonomy":"category","embeddable":true,"href":"https:\/\/www.visionweb.com.ar\/index.php?rest_route=%2Fwp%2Fv2%2Fcategories&post=13524"},{"taxonomy":"post_tag","embeddable":true,"href":"https:\/\/www.visionweb.com.ar\/index.php?rest_route=%2Fwp%2Fv2%2Ftags&post=13524"}],"curies":[{"name":"wp","href":"https:\/\/api.w.org\/{rel}","templated":true}]}}