{"id":13520,"date":"2024-02-06T08:40:25","date_gmt":"2024-02-06T11:40:25","guid":{"rendered":"https:\/\/www.visionweb.com.ar\/?p=13520"},"modified":"2024-02-06T08:40:25","modified_gmt":"2024-02-06T11:40:25","slug":"el-aumento-en-la-tarifa-de-luz-impactara-este-mes-en-los-usuarios-de-altos-ingresos","status":"publish","type":"post","link":"https:\/\/www.visionweb.com.ar\/?p=13520","title":{"rendered":"El aumento en la tarifa de luz impactar\u00e1 este mes en los usuarios de altos ingresos"},"content":{"rendered":"<p><em><strong>Adem\u00e1s, comercios e industrias, universidades, hospitales e intendencias del conurbano tambi\u00e9n afrontar\u00e1n el aumento. Mientras que los sectores medios y de menores ingresos sufrir\u00e1n subas a partir del mes de mayo.<\/strong><\/em><!--more--><\/p>\n<p><img loading=\"lazy\" decoding=\"async\" class=\"size-full wp-image-6133 alignright\" src=\"https:\/\/www.visionweb.com.ar\/wp-content\/uploads\/2022\/06\/luz-tarifas.bmp\" alt=\"\" width=\"480\" height=\"403\" \/>\u00a0 <strong>E<\/strong>l Gobierno defini\u00f3 por el momento aumentos de tarifas de energ\u00eda para los sectores de altos ingresos, que representan el 35% del total de usuarios residenciales (5,4 millones), con una suba inicial que supera <strong>el 100%<\/strong>.<\/p>\n<p>De esta manera,\u00a0<strong>algo m\u00e1s de 3 millones de usuarios que corresponden a esa categor\u00eda, pasar\u00eda de pagar una factura promedio de $8.000 a casi $20.000 a partir de febrero.<\/strong><\/p>\n<p>Este aumento inmediato tambi\u00e9n alcanzar\u00e1 a <strong>comercios, industrias, universidades y hospitales<\/strong>, y se notar\u00e1 en las boletas que lleguen a partir del mes pr\u00f3ximo. Adem\u00e1s, impactar\u00e1 por dos lados: quita de subsidios y el traslado de la devaluaci\u00f3n. Por caso,\u00a0<strong>los negocios chicos podr\u00edan recibir incrementos de hasta 430% debido al concepto de energ\u00eda y de hasta 500% si se suman las actualizaciones por el segmento de distribuci\u00f3n<\/strong>.<\/p>\n<p>Al respecto, el defensor del pueblo adjunto de la provincia de Buenos Aires y ex interventor del Ente Nacional Regulador de la Electricidad (ENRE) en tiempos de Sergio Massa, Walter Martello, detall\u00f3 que el aumento en el pecio de la energ\u00eda abarca a 3 millones de usuarios residenciales N1 y 300.000 comercios e industrias, que pasar\u00e1n de pagar $21 a $46 el KW, es decir, 110% m\u00e1s seg\u00fan sus c\u00e1lculos.<\/p>\n<p>\u201cPero adem\u00e1s en todos esos casos se dispone un incremento de la potencia que pasa de $80 el kW a $2.682\u2013kw un aumento de m\u00e1s de 32 veces: 3.200%, que impactar\u00e1 fuertemente en las tarifas, siendo los usuarios residenciales los \u00fanicos que no podr\u00e1n trasladar esa diferencia a precios\u201d, resalt\u00f3.<\/p>\n<p>\u201cEsto implica que un jubilado que no se haya inscripto en el registro tenga o no consumo, solamente por tener contratados 2 KW de potencia nunca su factura ser\u00e1 menor a $6.500, m\u00e1s los distintos componentes de la tarifa, Transporte, VAD e impuestos\u201d, afirm\u00f3 Martello.<\/p>\n<p>Tambi\u00e9n remarc\u00f3 que para los ingresos medios, del N3, el pago sobre el excedente de los 400 kWH se realizar\u00e1 sin subsidio.<\/p>\n<p>Otro sector que ver\u00e1 el impacto de la suba ser\u00e1 el de los intendentes del conurbano, quienes enfrentar\u00e1n aumentos en el alumbrado p\u00fablico del mismo tenor en porcentaje. Esto, sin duda, ser\u00e1 trasladado a los usuarios de alguna manera.<\/p>\n<p>A la vez, <strong>los sectores medios y de menores ingresos sufrir\u00e1n subas a partir del mes de mayo<\/strong>, cuando se aplique un nuevo esquema de subsidios. <strong>(VW)<\/strong><\/p>\n<p>&nbsp;<\/p>\n","protected":false},"excerpt":{"rendered":"<p>Adem\u00e1s, comercios e industrias, universidades, hospitales e intendencias del conurbano tambi\u00e9n afrontar\u00e1n el aumento. Mientras que los sectores medios y de menores ingresos sufrir\u00e1n subas a partir del mes de mayo.<\/p>\n","protected":false},"author":4,"featured_media":6133,"comment_status":"closed","ping_status":"closed","sticky":false,"template":"","format":"standard","meta":{"_monsterinsights_skip_tracking":false,"_monsterinsights_sitenote_active":false,"_monsterinsights_sitenote_note":"","_monsterinsights_sitenote_category":0,"footnotes":""},"categories":[6,5],"tags":[5601,952,5602],"class_list":["post-13520","post","type-post","status-publish","format-standard","has-post-thumbnail","hentry","category-economia","category-sociedad","tag-aumentos-de-luz","tag-enre","tag-sectores-altos"],"_links":{"self":[{"href":"https:\/\/www.visionweb.com.ar\/index.php?rest_route=\/wp\/v2\/posts\/13520","targetHints":{"allow":["GET"]}}],"collection":[{"href":"https:\/\/www.visionweb.com.ar\/index.php?rest_route=\/wp\/v2\/posts"}],"about":[{"href":"https:\/\/www.visionweb.com.ar\/index.php?rest_route=\/wp\/v2\/types\/post"}],"author":[{"embeddable":true,"href":"https:\/\/www.visionweb.com.ar\/index.php?rest_route=\/wp\/v2\/users\/4"}],"replies":[{"embeddable":true,"href":"https:\/\/www.visionweb.com.ar\/index.php?rest_route=%2Fwp%2Fv2%2Fcomments&post=13520"}],"version-history":[{"count":1,"href":"https:\/\/www.visionweb.com.ar\/index.php?rest_route=\/wp\/v2\/posts\/13520\/revisions"}],"predecessor-version":[{"id":13521,"href":"https:\/\/www.visionweb.com.ar\/index.php?rest_route=\/wp\/v2\/posts\/13520\/revisions\/13521"}],"wp:featuredmedia":[{"embeddable":true,"href":"https:\/\/www.visionweb.com.ar\/index.php?rest_route=\/wp\/v2\/media\/6133"}],"wp:attachment":[{"href":"https:\/\/www.visionweb.com.ar\/index.php?rest_route=%2Fwp%2Fv2%2Fmedia&parent=13520"}],"wp:term":[{"taxonomy":"category","embeddable":true,"href":"https:\/\/www.visionweb.com.ar\/index.php?rest_route=%2Fwp%2Fv2%2Fcategories&post=13520"},{"taxonomy":"post_tag","embeddable":true,"href":"https:\/\/www.visionweb.com.ar\/index.php?rest_route=%2Fwp%2Fv2%2Ftags&post=13520"}],"curies":[{"name":"wp","href":"https:\/\/api.w.org\/{rel}","templated":true}]}}