{"id":13515,"date":"2024-02-06T06:11:52","date_gmt":"2024-02-06T09:11:52","guid":{"rendered":"https:\/\/www.visionweb.com.ar\/?p=13515"},"modified":"2024-02-05T19:24:58","modified_gmt":"2024-02-05T22:24:58","slug":"otro-golpe-al-bolsillo-los-aumentos-en-trenes-y-colectivos-rigen-desde-este-martes","status":"publish","type":"post","link":"https:\/\/www.visionweb.com.ar\/?p=13515","title":{"rendered":"Otro golpe al bolsillo, los aumentos en trenes y colectivos rigen desde este martes"},"content":{"rendered":"<p><em><strong>A partir de este martes, el boleto m\u00ednimo de colectivo saldr\u00e1 270 pesos, un aumento del aumento del 250%. Viajar en el Tren Roca costar\u00e1 130 pesos. Para La Plata y los distritos fuera del AMBA podr\u00edan ser m\u00e1s elevados.<\/strong><\/em><!--more--><\/p>\n<p><strong><img loading=\"lazy\" decoding=\"async\" class=\"size-medium wp-image-7569 alignright\" src=\"https:\/\/www.visionweb.com.ar\/wp-content\/uploads\/2022\/10\/colectivos-sube-300x274.jpg\" alt=\"\" width=\"300\" height=\"274\" srcset=\"https:\/\/www.visionweb.com.ar\/wp-content\/uploads\/2022\/10\/colectivos-sube-300x274.jpg 300w, https:\/\/www.visionweb.com.ar\/wp-content\/uploads\/2022\/10\/colectivos-sube.bmp 473w\" sizes=\"auto, (max-width: 300px) 100vw, 300px\" \/>L<\/strong>a Secretar\u00eda de Transporte de la Naci\u00f3n dio por finalizado el proceso de audiencia p\u00fablica previa a los incrementos del transporte urbano del Area Metropolitana de Buenos Aires (AMBA) y confirm\u00f3 que desde este martes 6 de febrero comienza a regir el nuevo cuadro tarifario propuesto por el Gobierno.<\/p>\n<p>El boleto m\u00ednimo de colectivos pasar\u00e1 de 76,92 a 270 pesos desde la 0 hora de hoy,\u00a0 una suba del 251 por ciento, mientras que el de trenes quedar\u00e1 en 130 pesos para las personas que tengan su Tarjeta SUBE registrada a su nombre.<\/p>\n<div class=\"container-spot\" data-tipo=\"tipo_desktop\" data-pos=\"P1_cuerpo\">\n<div class=\" lazyloaded\" data-gpt=\"\/22596213376\/nota\/P1_cuerpo_desktop\" data-size=\"[[728, 90]]\" data-expand=\"300\">\n<div id=\"pppSlot1\">Quienes no hayan realizado el registro pagar\u00e1n 429,30 y 260 pesos, respectivamente, a partir del 1 de abril.<\/div>\n<\/div>\n<\/div>\n<p>Cabe destacar que dichos\u00a0<strong>valores comunicados por el Ministerio de Econom\u00eda, solo se aplican\u00a0 para el AMBA. En los distritos extra AMBA estos ajustes ser\u00e1n m\u00e1s elevados.<\/strong><\/p>\n<p>065El sistema de diferenciaci\u00f3n de tarifa para las SUBE nominalizadas comenzar\u00e1 a regir apartir del 1 de abril de 2024.<\/p>\n<p>Hasta esa fecha, todas las tarjetas SUBE pagar\u00e1n la tarifa de tarjetas nominalizadas. Luego de esa fecha, las personas sin tarjeta registrada\u00a0pagar\u00e1n la tarifa diferencial pero podr\u00e1n seguir registrando sus tarjetas\u00a0para acceder a la tarifa m\u00e1s econ\u00f3mica.<\/p>\n<p>El informe de la cartera de Transporte detalla que para la consulta p\u00fablica se realizaron, en total, 245 opiniones y propuestas a trav\u00e9s de la Web del organismo, con ejes como la utilizaci\u00f3n de la tarjeta SUBE, los valores del cuadro tarifario, la actualizaci\u00f3n del cuadro tarifario, los atributos sociales, el boleto integrado, y el servicio ferroviario.<\/p>\n<div class=\"container-spot\" data-tipo=\"tipo_desktop\" data-pos=\"P3_cuerpo\">\n<div class=\" lazyloaded\" data-gpt=\"\/22596213376\/nota\/P3_cuerpo_desktop\" data-size=\"[[728, 90]]\" data-expand=\"300\">\n<div id=\"pppSlot3\">La semana pasada, la Justicia hab\u00eda suspendido temporalmente el aumento del transporte p\u00fablico, que el Gobierno buscaba implementar a partir del 1 de febrero, por irregularidades en la audiencia p\u00fablica que la ley establece para este tipo de procedimientos.<\/div>\n<\/div>\n<\/div>\n<p>La resoluci\u00f3n del Juzgado Federal en lo Civil, Comercial y Contencioso Administrativo N\u00b0 3 de Lomas de Zamora hizo lugar a una denuncia del intendente de Esteban Echeverr\u00eda, Fernando Gray, y suspendi\u00f3 el aumento \u201cpor el plazo de cinco d\u00edas\u201d, lapso en el cual el Gobierno, que apel\u00f3 el fallo, deb\u00eda adoptar medidas \u00abtendientes a garantizar los derechos enunciados, readecuando el procedimiento de participaci\u00f3n ciudadana en miras a la modificaci\u00f3n del cuadro tarifario aludido\u201d<strong>(VW)<\/strong>.<\/p>\n<div class=\"container-spot\" data-tipo=\"tipo_desktop\" data-pos=\"P4_cuerpo\">\n<div class=\" lazyloaded\" data-gpt=\"\/22596213376\/nota\/P4_cuerpo_desktop\" data-size=\"[[728, 90]]\" data-expand=\"300\"><\/div>\n<\/div>\n<p>&nbsp;<\/p>\n","protected":false},"excerpt":{"rendered":"<p>A partir de este martes, el boleto m\u00ednimo de colectivo saldr\u00e1 270 pesos, un aumento del aumento del 250%. Viajar en el Tren Roca costar\u00e1 130 pesos. Para La Plata y los distritos fuera&#46;&#46;&#46;<\/p>\n","protected":false},"author":3,"featured_media":5942,"comment_status":"closed","ping_status":"closed","sticky":false,"template":"","format":"standard","meta":{"_monsterinsights_skip_tracking":false,"_monsterinsights_sitenote_active":false,"_monsterinsights_sitenote_note":"","_monsterinsights_sitenote_category":0,"footnotes":""},"categories":[8],"tags":[141,1819,564,5600],"class_list":["post-13515","post","type-post","status-publish","format-standard","has-post-thumbnail","hentry","category-interes-general","tag-aumentos","tag-boletos","tag-tarifas","tag-transporte-pubico"],"_links":{"self":[{"href":"https:\/\/www.visionweb.com.ar\/index.php?rest_route=\/wp\/v2\/posts\/13515","targetHints":{"allow":["GET"]}}],"collection":[{"href":"https:\/\/www.visionweb.com.ar\/index.php?rest_route=\/wp\/v2\/posts"}],"about":[{"href":"https:\/\/www.visionweb.com.ar\/index.php?rest_route=\/wp\/v2\/types\/post"}],"author":[{"embeddable":true,"href":"https:\/\/www.visionweb.com.ar\/index.php?rest_route=\/wp\/v2\/users\/3"}],"replies":[{"embeddable":true,"href":"https:\/\/www.visionweb.com.ar\/index.php?rest_route=%2Fwp%2Fv2%2Fcomments&post=13515"}],"version-history":[{"count":1,"href":"https:\/\/www.visionweb.com.ar\/index.php?rest_route=\/wp\/v2\/posts\/13515\/revisions"}],"predecessor-version":[{"id":13516,"href":"https:\/\/www.visionweb.com.ar\/index.php?rest_route=\/wp\/v2\/posts\/13515\/revisions\/13516"}],"wp:featuredmedia":[{"embeddable":true,"href":"https:\/\/www.visionweb.com.ar\/index.php?rest_route=\/wp\/v2\/media\/5942"}],"wp:attachment":[{"href":"https:\/\/www.visionweb.com.ar\/index.php?rest_route=%2Fwp%2Fv2%2Fmedia&parent=13515"}],"wp:term":[{"taxonomy":"category","embeddable":true,"href":"https:\/\/www.visionweb.com.ar\/index.php?rest_route=%2Fwp%2Fv2%2Fcategories&post=13515"},{"taxonomy":"post_tag","embeddable":true,"href":"https:\/\/www.visionweb.com.ar\/index.php?rest_route=%2Fwp%2Fv2%2Ftags&post=13515"}],"curies":[{"name":"wp","href":"https:\/\/api.w.org\/{rel}","templated":true}]}}