{"id":13511,"date":"2024-02-05T10:02:33","date_gmt":"2024-02-05T13:02:33","guid":{"rendered":"https:\/\/www.visionweb.com.ar\/?p=13511"},"modified":"2024-02-05T10:02:33","modified_gmt":"2024-02-05T13:02:33","slug":"smn-alertas-por-tormentas-y-altas-temperaturas-en-buenos-aires-para-esta-noche","status":"publish","type":"post","link":"https:\/\/www.visionweb.com.ar\/?p=13511","title":{"rendered":"SMN: Alertas por tormentas y altas temperaturas en Buenos Aires para esta noche"},"content":{"rendered":"<p><em><strong>El SMN lanz\u00f3 alertas para este lunes por fuertes tormentas, granizo, vientos y calor en varias ciudades de la provincia de Buenos Aires.<\/strong><\/em><!--more--><\/p>\n<p><strong> <img loading=\"lazy\" decoding=\"async\" class=\"size-medium wp-image-13512 alignright\" src=\"https:\/\/www.visionweb.com.ar\/wp-content\/uploads\/2024\/02\/alerta-tormentas-300x232.png\" alt=\"\" width=\"300\" height=\"232\" srcset=\"https:\/\/www.visionweb.com.ar\/wp-content\/uploads\/2024\/02\/alerta-tormentas-300x232.png 300w, https:\/\/www.visionweb.com.ar\/wp-content\/uploads\/2024\/02\/alerta-tormentas.png 333w\" sizes=\"auto, (max-width: 300px) 100vw, 300px\" \/>\u00a0\u00a0 E<\/strong>l\u00a0<strong>Servicio Meteorol\u00f3gico Nacional (SMN)\u00a0<\/strong>emiti\u00f3 una alerta amarilla para este lunes por<strong>\u00a0fuertes tormentas, ca\u00edda de granizo y viento\u00a0<\/strong>en varias localidades de la provincia de Buenos Aires.<\/p>\n<p>En ese sentido, la alerta amarilla que rige durante este lunes 5 de febrero, trae tormentas, algunas localmente fuertes. Las mismas estar\u00e1n acompa\u00f1adas de intensas r\u00e1fagas, ocasional ca\u00edda de granizo, fuerte actividad el\u00e9ctrica y abundante ca\u00edda de agua en cortos per\u00edodos.<\/p>\n<p>Asimismo, desde el SMN se prev\u00e9n valores de precipitaci\u00f3n acumulada entre 15 y 40 mm, pudiendo ser superados localmente. Estos fen\u00f3menos pueden llevarse a cabo durante la<strong>\u00a0noche de este lunes.<\/strong><\/p>\n<p>Las localidades de la provincia de Buenos Aires afectadas son las siguientes:<\/p>\n<ul>\n<li>Bah\u00eda Blanca<\/li>\n<li>Patagones<\/li>\n<li>Villarino<\/li>\n<li>Puan<\/li>\n<li>Coronel Pringles<\/li>\n<li>Coronel Su\u00e1rez<\/li>\n<li>Saavedra<\/li>\n<li>Tornquist<\/li>\n<li>Coronel Dorrego<\/li>\n<li>Coronel de Marina Leonardo Rosales<\/li>\n<li>Monte Hermoso<\/li>\n<li>Lober\u00eda<\/li>\n<li>Necochea<\/li>\n<li>San Cayetano<\/li>\n<li>Tres Arroyos<\/li>\n<li>Adolfo Gonzales Chaves<\/li>\n<li>San Cayetano<\/li>\n<li>General La Madrid<\/li>\n<li>Laprida<\/li>\n<li>Olavarr\u00eda<\/li>\n<li>Adolfo Alsina<\/li>\n<li>Daireaux<\/li>\n<li>Guamin\u00ed<\/li>\n<li>Pellegrini<\/li>\n<li>Salliquel\u00f3<\/li>\n<li>Trenque Lauquen<\/li>\n<li>Tres Lomas<\/li>\n<li>Florentino Ameghino<\/li>\n<li>General Villegas<\/li>\n<li>Rivadavia<\/li>\n<li>Bol\u00edvar<\/li>\n<li>Carlos Casares<\/li>\n<li>Carlos Tejedor<\/li>\n<li>Hip\u00f3lito Yrigoyen<\/li>\n<li>Pehuaj\u00f3<\/li>\n<\/ul>\n<p><strong>Alerta roja y amarilla por temperaturas extremas en la Provincia<\/strong><\/p>\n<p>El\u00a0<strong>Servicio Meteorol\u00f3gico Nacional (SMN)\u00a0<\/strong>emiti\u00f3 una\u00a0<strong>alerta meteorol\u00f3gica roja\u00a0<\/strong>y\u00a0<strong>amarilla\u00a0<\/strong>para este lunes 5 de febrero por temperaturas extremas en varias localidades de la provincia de Buenos Aires.<\/p>\n<p>Seg\u00fan inform\u00f3 el SMN, las temperaturas pueden superar los\u00a0<strong>40 grados\u00a0<\/strong>de m\u00e1xima en algunas localidades. El color\u00a0<strong>rojo\u00a0<\/strong>quiere decir que el efecto alto a extremo en la salud.\u00a0<strong>\u00abMuy peligrosas. Pueden afectar a todas las personas, incluso a las saludables\u00bb, explicaron.<\/strong><\/p>\n<p><strong>Las ciudades bonaerenses afectadas con alerta roja por calor: <\/strong><\/p>\n<ul>\n<li>Arrecifes<\/li>\n<li>Capit\u00e1n Sarmiento<\/li>\n<li>Carmen de Areco<\/li>\n<li>Chacabuco<\/li>\n<li>Col\u00f3n<\/li>\n<li>General Arenales<\/li>\n<li>General Pinto<\/li>\n<li>Jun\u00edn<\/li>\n<li>Leandro N. Alem<\/li>\n<li>Lincoln<\/li>\n<li>Pergamino<\/li>\n<li>Rojas<\/li>\n<li>Salto<\/li>\n<li>Baradero<\/li>\n<li>Ramallo<\/li>\n<li>San Nicol\u00e1s<\/li>\n<li>San Pedro<\/li>\n<li>Campana<\/li>\n<li>Exaltaci\u00f3n de la Cruz<\/li>\n<li>San Antonio de Areco<\/li>\n<li>Z\u00e1rate<\/li>\n<li>General Las Heras<\/li>\n<li>General Rodr\u00edguez<\/li>\n<li>Luj\u00e1n<\/li>\n<li>Marcos Paz<\/li>\n<li>Mercedes<\/li>\n<li>San Andr\u00e9s de Giles<\/li>\n<li>Suipacha<\/li>\n<li>Escobar<\/li>\n<li>San Fernando<\/li>\n<li>San Isidro<\/li>\n<li>Tigre<\/li>\n<li>Vicente L\u00f3pez<\/li>\n<li>Esteban Echeverr\u00eda<\/li>\n<li>Ezeiza<\/li>\n<li>La Matanza<\/li>\n<li>Merlo<\/li>\n<li>Almirante Brown<\/li>\n<li>Avellaneda<\/li>\n<li>Berazategui<\/li>\n<li>Florencio Varela<\/li>\n<li>Lan\u00fas<\/li>\n<li>Lomas de Zamora<\/li>\n<li>Presidente Per\u00f3n<\/li>\n<li>Quilmes<\/li>\n<li>La Plata<\/li>\n<li>Berisso<\/li>\n<li>Ensenada<\/li>\n<li>Brandsen<\/li>\n<li>Ca\u00f1uelas<\/li>\n<li>Magdalena<\/li>\n<li>San Vicente<\/li>\n<li>General San Mart\u00edn<\/li>\n<li>Hurlingham<\/li>\n<li>Ituzaing\u00f3<\/li>\n<li>Jos\u00e9 C. Paz<\/li>\n<li>Malvinas Argentinas<\/li>\n<li>Moreno<\/li>\n<li>Mor\u00f3n<\/li>\n<li>Pilar<\/li>\n<li>San Miguel<\/li>\n<li>Tres de Febrero<\/li>\n<\/ul>\n<p>Por su parte, la alerta amarilla significa un efecto leve a moderado en la salud. \u00abPueden ser peligrosas, sobre todo para los grupos de riesgo, como ni\u00f1os y ni\u00f1as, personas mayores de 65 a\u00f1os, con enfermedades cr\u00f3nicas\u00bb, detallaron.<strong> (VW)<\/strong><\/p>\n","protected":false},"excerpt":{"rendered":"<p>El SMN lanz\u00f3 alertas para este lunes por fuertes tormentas, granizo, vientos y calor en varias ciudades de la provincia de Buenos Aires.<\/p>\n","protected":false},"author":4,"featured_media":13512,"comment_status":"closed","ping_status":"closed","sticky":false,"template":"","format":"standard","meta":{"_monsterinsights_skip_tracking":false,"_monsterinsights_sitenote_active":false,"_monsterinsights_sitenote_note":"","_monsterinsights_sitenote_category":0,"footnotes":""},"categories":[8],"tags":[5598,5599,751,1629],"class_list":["post-13511","post","type-post","status-publish","format-standard","has-post-thumbnail","hentry","category-interes-general","tag-alerta-roja-por-calor","tag-alertas-por-tormentas","tag-provincia-de-buenos-aires","tag-smn"],"_links":{"self":[{"href":"https:\/\/www.visionweb.com.ar\/index.php?rest_route=\/wp\/v2\/posts\/13511","targetHints":{"allow":["GET"]}}],"collection":[{"href":"https:\/\/www.visionweb.com.ar\/index.php?rest_route=\/wp\/v2\/posts"}],"about":[{"href":"https:\/\/www.visionweb.com.ar\/index.php?rest_route=\/wp\/v2\/types\/post"}],"author":[{"embeddable":true,"href":"https:\/\/www.visionweb.com.ar\/index.php?rest_route=\/wp\/v2\/users\/4"}],"replies":[{"embeddable":true,"href":"https:\/\/www.visionweb.com.ar\/index.php?rest_route=%2Fwp%2Fv2%2Fcomments&post=13511"}],"version-history":[{"count":1,"href":"https:\/\/www.visionweb.com.ar\/index.php?rest_route=\/wp\/v2\/posts\/13511\/revisions"}],"predecessor-version":[{"id":13513,"href":"https:\/\/www.visionweb.com.ar\/index.php?rest_route=\/wp\/v2\/posts\/13511\/revisions\/13513"}],"wp:featuredmedia":[{"embeddable":true,"href":"https:\/\/www.visionweb.com.ar\/index.php?rest_route=\/wp\/v2\/media\/13512"}],"wp:attachment":[{"href":"https:\/\/www.visionweb.com.ar\/index.php?rest_route=%2Fwp%2Fv2%2Fmedia&parent=13511"}],"wp:term":[{"taxonomy":"category","embeddable":true,"href":"https:\/\/www.visionweb.com.ar\/index.php?rest_route=%2Fwp%2Fv2%2Fcategories&post=13511"},{"taxonomy":"post_tag","embeddable":true,"href":"https:\/\/www.visionweb.com.ar\/index.php?rest_route=%2Fwp%2Fv2%2Ftags&post=13511"}],"curies":[{"name":"wp","href":"https:\/\/api.w.org\/{rel}","templated":true}]}}