{"id":13508,"date":"2024-02-05T09:30:29","date_gmt":"2024-02-05T12:30:29","guid":{"rendered":"https:\/\/www.visionweb.com.ar\/?p=13508"},"modified":"2024-02-05T09:30:29","modified_gmt":"2024-02-05T12:30:29","slug":"kicillof-ajustar-a-las-provincias-es-fundir-a-los-argentinos","status":"publish","type":"post","link":"https:\/\/www.visionweb.com.ar\/?p=13508","title":{"rendered":"Kicillof: \u201cAjustar a las Provincias es fundir a los argentinos\u201d"},"content":{"rendered":"<p><em><strong>El mandatario provincial comparti\u00f3 una reflexi\u00f3n en X, en coautor\u00eda con el ministro de Econom\u00eda bonaerense, Pablo L\u00f3pez, para insistir con el viejo reclamo de la coparticipaci\u00f3n federal.<\/strong><\/em><!--more--><\/p>\n<p><strong><img loading=\"lazy\" decoding=\"async\" class=\"size-medium wp-image-13509 alignright\" src=\"https:\/\/www.visionweb.com.ar\/wp-content\/uploads\/2024\/02\/Kicillof-gob-300x182.png\" alt=\"\" width=\"300\" height=\"182\" srcset=\"https:\/\/www.visionweb.com.ar\/wp-content\/uploads\/2024\/02\/Kicillof-gob-300x182.png 300w, https:\/\/www.visionweb.com.ar\/wp-content\/uploads\/2024\/02\/Kicillof-gob.png 539w\" sizes=\"auto, (max-width: 300px) 100vw, 300px\" \/>\u00a0\u00a0\u00a0 E<\/strong>l gobernador de la provincia de Buenos Aires, <strong>Axel Kicillof<\/strong>, comparti\u00f3 a trav\u00e9s de sus redes sociales junto al ministro de Econom\u00eda provincial, Pablo L\u00f3pez, titulado \u201cAjustar a las Provincias, fundir a los argentinos\u201d, en el que se refiere a las inequidades del sistema de coparticipaci\u00f3n.<\/p>\n<p>En su posteo, que public\u00f3 <em>Infobae<\/em>, reflexion\u00f3 sobre el sistema de coparticipaci\u00f3n de la gesti\u00f3n del gobierno del presidente Javier Milei, a quien se\u00f1al\u00f3 por no cumplir con los acuerdos federales y las normas vigentes.<\/p>\n<p>\u201cLa provincia de Buenos Aires no es inviable, como muchas veces han intentado instalar en estos a\u00f1os.\u00a0<strong>Lo que resulta inviable es este sistema arbitrario de coparticipaci\u00f3n de impuestos.<\/strong>\u00a0Las provincias necesitan de un Estado Nacional que reconozca los acuerdos federales y las normas vigentes.\u00a0<strong>Pero sobre todo que las cumpla.<\/strong>\u00a0Porque ajustar a las provincias no es atacar a \u2018la casta\u2019, es fundir a los argentinos\u201d, escribi\u00f3 Kicillof junto al link de la nota, donde se refieren a \u201clas cuestiones pendientes del federalismo\u201d.<\/p>\n<p>El mandatario provincial utiliz\u00f3 la red social X -ex Twitter- para reiterar un planteo que a su turno han hecho todos los gobernadores -incluso \u00e9l mismo- y que pone bajo la lupa el problema que significa que Buenos Aires reciba 22 puntos de fondos federales cuando tiene casi el 40 por ciento de la poblaci\u00f3n y aporta el 40 por ciento de esos mismos recursos.<\/p>\n<p>Esta situaci\u00f3n es especialmente grave cuando no existen, por fuera de los env\u00edos autom\u00e1ticos, fondos para obras y programas de parte del gobierno nacional.<\/p>\n<p><strong>\u00abLa provincia de Buenos Aires no es inviable, como muchas veces han intentado instalar en estos a\u00f1os. Lo que resulta inviable es este sistema arbitrario de coparticipaci\u00f3n de impuestos\u00bb, escribi\u00f3 Kicillof.<\/strong><\/p>\n<p>\u00abLas provincias necesitan de un Estado Nacional que reconozca los acuerdos federales y las normas vigentes. Pero sobre todo que las cumpla\u00bb, y continu\u00f3: \u00abajustar a las provincias no es atacar a &#8216;la casta&#8217;, es fundir a los argentinos\u00bb.<\/p>\n<p>\u00abLa actual ley de coparticipaci\u00f3n, una de las principales asignaturas pendientes de nuestro federalismo\u00bb, remat\u00f3 Kicillof.<\/p>\n<p><strong>Apoyo radical al planteo de Axel Kicillof:<\/strong><\/p>\n<p>El planteo en torno a la coparticipaci\u00f3n, as\u00ed como el pedido para que Buenos Aires sea considerada una provincia petrolera, tuvo repercusiones en la UCR.<\/p>\n<p>El diputado radical\u00a0<strong>Pablo Juliano, <\/strong>del ala de Facundo Manes,\u00a0pidi\u00f3 que la dirigencia bonaerense est\u00e9 a la altura de esos reclamos y construya una agenda com\u00fan m\u00e1s all\u00e1 de las banderas partidarias.<\/p>\n<p>Juliano se refiri\u00f3 al \u00abdesaf\u00edo\u00bb que significa para todo el ecosistema pol\u00edtico bonaerense -intendentes, legisladores provinciales, gobernador y legisladores nacionales- \u00abconsensuar una agenda\u00bb bonaerense.<\/p>\n<p>En esos t\u00e9rminos plante\u00f3 el dilema de la coparticipaci\u00f3n: \u00abnosotros ponemos 38 pesos y recibimos 22\u00bb, y agreg\u00f3 una pregunta: \u00ab\u00bfEl gobierno va a discriminar a los bonaerenses porque gobierna Kicillof?\u00bb. <strong>(VW)<\/strong><\/p>\n<p>&nbsp;<\/p>\n","protected":false},"excerpt":{"rendered":"<p>El mandatario provincial comparti\u00f3 una reflexi\u00f3n en X, en coautor\u00eda con el ministro de Econom\u00eda bonaerense, Pablo L\u00f3pez, para insistir con el viejo reclamo de la coparticipaci\u00f3n federal.<\/p>\n","protected":false},"author":4,"featured_media":13509,"comment_status":"closed","ping_status":"closed","sticky":false,"template":"","format":"standard","meta":{"_monsterinsights_skip_tracking":false,"_monsterinsights_sitenote_active":false,"_monsterinsights_sitenote_note":"","_monsterinsights_sitenote_category":0,"footnotes":""},"categories":[4],"tags":[1804,185,167,5597,356],"class_list":["post-13508","post","type-post","status-publish","format-standard","has-post-thumbnail","hentry","category-politica","tag-ajuste","tag-coparticipacion","tag-kicillof","tag-pablo-lopez","tag-provincia"],"_links":{"self":[{"href":"https:\/\/www.visionweb.com.ar\/index.php?rest_route=\/wp\/v2\/posts\/13508","targetHints":{"allow":["GET"]}}],"collection":[{"href":"https:\/\/www.visionweb.com.ar\/index.php?rest_route=\/wp\/v2\/posts"}],"about":[{"href":"https:\/\/www.visionweb.com.ar\/index.php?rest_route=\/wp\/v2\/types\/post"}],"author":[{"embeddable":true,"href":"https:\/\/www.visionweb.com.ar\/index.php?rest_route=\/wp\/v2\/users\/4"}],"replies":[{"embeddable":true,"href":"https:\/\/www.visionweb.com.ar\/index.php?rest_route=%2Fwp%2Fv2%2Fcomments&post=13508"}],"version-history":[{"count":1,"href":"https:\/\/www.visionweb.com.ar\/index.php?rest_route=\/wp\/v2\/posts\/13508\/revisions"}],"predecessor-version":[{"id":13510,"href":"https:\/\/www.visionweb.com.ar\/index.php?rest_route=\/wp\/v2\/posts\/13508\/revisions\/13510"}],"wp:featuredmedia":[{"embeddable":true,"href":"https:\/\/www.visionweb.com.ar\/index.php?rest_route=\/wp\/v2\/media\/13509"}],"wp:attachment":[{"href":"https:\/\/www.visionweb.com.ar\/index.php?rest_route=%2Fwp%2Fv2%2Fmedia&parent=13508"}],"wp:term":[{"taxonomy":"category","embeddable":true,"href":"https:\/\/www.visionweb.com.ar\/index.php?rest_route=%2Fwp%2Fv2%2Fcategories&post=13508"},{"taxonomy":"post_tag","embeddable":true,"href":"https:\/\/www.visionweb.com.ar\/index.php?rest_route=%2Fwp%2Fv2%2Ftags&post=13508"}],"curies":[{"name":"wp","href":"https:\/\/api.w.org\/{rel}","templated":true}]}}