{"id":13505,"date":"2024-02-05T09:00:24","date_gmt":"2024-02-05T12:00:24","guid":{"rendered":"https:\/\/www.visionweb.com.ar\/?p=13505"},"modified":"2024-02-05T09:01:19","modified_gmt":"2024-02-05T12:01:19","slug":"el-gobierno-dispuso-la-intervencion-de-los-medios-publicos","status":"publish","type":"post","link":"https:\/\/www.visionweb.com.ar\/?p=13505","title":{"rendered":"El gobierno dispuso la intervenci\u00f3n de los medios p\u00fablicos"},"content":{"rendered":"<p><strong><em>Con la publicaci\u00f3n del Decreto 117\/2024, dispuso la intervenci\u00f3n por un a\u00f1o, prorrogable por uno m\u00e1s, con el fin de \u201creformular y readecuar las sociedades\u201d y \u201cmodificando las contrataciones y la estructura del personal\u201d.<\/em><\/strong><!--more--><\/p>\n<p><img loading=\"lazy\" decoding=\"async\" class=\"size-medium wp-image-13506 alignright\" src=\"https:\/\/www.visionweb.com.ar\/wp-content\/uploads\/2024\/02\/AGENCIA-TELAM-300x168.png\" alt=\"\" width=\"300\" height=\"168\" srcset=\"https:\/\/www.visionweb.com.ar\/wp-content\/uploads\/2024\/02\/AGENCIA-TELAM-300x168.png 300w, https:\/\/www.visionweb.com.ar\/wp-content\/uploads\/2024\/02\/AGENCIA-TELAM.png 640w\" sizes=\"auto, (max-width: 300px) 100vw, 300px\" \/>El gobierno de Javier Milei decret\u00f3, seg\u00fan lo publicado en el Bolet\u00edn Oficial, la intervenci\u00f3n de los medios p\u00fablicos por un a\u00f1o, despu\u00e9s de delegar el control de esas unidades en la Jefatura de Gabinete de Ministros.<\/p>\n<p>La idea es allanar el camino hacia la posibilidad de una privatizaci\u00f3n, a tono con sus promesas de campa\u00f1a y con la autorizaci\u00f3n que figura en la Ley Omnibus que se est\u00e1 debatiendo en el Congreso de la Naci\u00f3n.<\/p>\n<p>A trav\u00e9s del Decreto de Necesidad y Urgencia (DNU) 111\/2024, el Gobierno estableci\u00f3 que la medida abarca a Educ,ar, T\u00e9lam, Radio y Televisi\u00f3n Argentina y Contenidos P\u00fablicos, que nuclea la TV P\u00fablica, Encuentro, Pakapaka, DeporTV y la plataforma Contar.<\/p>\n<p>El interventor designado por el Ejecutivo es Diego Mart\u00edn Chaher, mientras que el interventor adjunto ser\u00e1 Diego Sebasti\u00e1n Mar\u00edas, que funcionar\u00e1n bajo la \u00f3rbita de la Jefatura de Gabinete, al comando de Nicol\u00e1s Posse, quien tambi\u00e9n podr\u00e1 prorrogar la intervenci\u00f3n por una sola vez, seg\u00fan establece la normativa.<\/p>\n<p>Chaher, fue administrador del Grupo Am\u00e9rica por casi dos d\u00e9cadas, y Mar\u00edas, ejerci\u00f3 como exlegislador porte\u00f1o de Pro y miembro del Consejo de la Magistratura<\/p>\n<p>\u201cLos dos son abogados que conocen m\u00e1s de la administraci\u00f3n de un medio que de programaci\u00f3n. La sensaci\u00f3n que da es que vienen a tratar de achicarlo, a hacerlo m\u00e1s racional\u201d, se\u00f1alaron fuentes de RTA.<\/p>\n<p>Los objetivos de la intervenci\u00f3n, seg\u00fan el decreto, incluyen \u201creformular y readecuar las sociedades, evaluar o modificar el personal o aprobar un nuevo Estatuto, evaluar o modificar el r\u00e9gimen de administraci\u00f3n de fondos, ampliando o reduciendo las partidas presupuestarias, modificar las contrataciones y la estructura de personal, y disponer de una auditor\u00eda integral sobre el estado de las instalaciones\u201d.<\/p>\n<p>Adem\u00e1s, la intervenci\u00f3n estar\u00e1 encargada de \u201cpresentar una rendici\u00f3n de cuentas, designar funcionarios y personal y encargarse de mantener la sustentabilidad de las empresas\u201d.<strong>(VW)<\/strong><\/p>\n","protected":false},"excerpt":{"rendered":"<p>Con la publicaci\u00f3n del Decreto 117\/2024, dispuso la intervenci\u00f3n por un a\u00f1o, prorrogable por uno m\u00e1s, con el fin de \u201creformular y readecuar las sociedades\u201d y \u201cmodificando las contrataciones y la estructura del personal\u201d.<\/p>\n","protected":false},"author":3,"featured_media":13506,"comment_status":"closed","ping_status":"closed","sticky":false,"template":"","format":"standard","meta":{"_monsterinsights_skip_tracking":false,"_monsterinsights_sitenote_active":false,"_monsterinsights_sitenote_note":"","_monsterinsights_sitenote_category":0,"footnotes":""},"categories":[4],"tags":[],"class_list":["post-13505","post","type-post","status-publish","format-standard","has-post-thumbnail","hentry","category-politica"],"_links":{"self":[{"href":"https:\/\/www.visionweb.com.ar\/index.php?rest_route=\/wp\/v2\/posts\/13505","targetHints":{"allow":["GET"]}}],"collection":[{"href":"https:\/\/www.visionweb.com.ar\/index.php?rest_route=\/wp\/v2\/posts"}],"about":[{"href":"https:\/\/www.visionweb.com.ar\/index.php?rest_route=\/wp\/v2\/types\/post"}],"author":[{"embeddable":true,"href":"https:\/\/www.visionweb.com.ar\/index.php?rest_route=\/wp\/v2\/users\/3"}],"replies":[{"embeddable":true,"href":"https:\/\/www.visionweb.com.ar\/index.php?rest_route=%2Fwp%2Fv2%2Fcomments&post=13505"}],"version-history":[{"count":1,"href":"https:\/\/www.visionweb.com.ar\/index.php?rest_route=\/wp\/v2\/posts\/13505\/revisions"}],"predecessor-version":[{"id":13507,"href":"https:\/\/www.visionweb.com.ar\/index.php?rest_route=\/wp\/v2\/posts\/13505\/revisions\/13507"}],"wp:featuredmedia":[{"embeddable":true,"href":"https:\/\/www.visionweb.com.ar\/index.php?rest_route=\/wp\/v2\/media\/13506"}],"wp:attachment":[{"href":"https:\/\/www.visionweb.com.ar\/index.php?rest_route=%2Fwp%2Fv2%2Fmedia&parent=13505"}],"wp:term":[{"taxonomy":"category","embeddable":true,"href":"https:\/\/www.visionweb.com.ar\/index.php?rest_route=%2Fwp%2Fv2%2Fcategories&post=13505"},{"taxonomy":"post_tag","embeddable":true,"href":"https:\/\/www.visionweb.com.ar\/index.php?rest_route=%2Fwp%2Fv2%2Ftags&post=13505"}],"curies":[{"name":"wp","href":"https:\/\/api.w.org\/{rel}","templated":true}]}}