{"id":13500,"date":"2024-02-05T08:39:48","date_gmt":"2024-02-05T11:39:48","guid":{"rendered":"https:\/\/www.visionweb.com.ar\/?p=13500"},"modified":"2024-02-05T08:41:13","modified_gmt":"2024-02-05T11:41:13","slug":"las-ventas-minoristas-se-desplomaron-en-enero","status":"publish","type":"post","link":"https:\/\/www.visionweb.com.ar\/?p=13500","title":{"rendered":"Las ventas minoristas se desplomaron en enero"},"content":{"rendered":"<p><em><strong>Seg\u00fan CAME el sector textil fue la excepci\u00f3n: logr\u00f3 un aumento del 0,9% en comparaci\u00f3n con enero del a\u00f1o anterior.<\/strong><\/em><!--more--><\/p>\n<p><strong><img loading=\"lazy\" decoding=\"async\" class=\"size-medium wp-image-11510 alignright\" src=\"https:\/\/www.visionweb.com.ar\/wp-content\/uploads\/2023\/08\/a-ventas-300x226.png\" alt=\"\" width=\"300\" height=\"226\" srcset=\"https:\/\/www.visionweb.com.ar\/wp-content\/uploads\/2023\/08\/a-ventas-300x226.png 300w, https:\/\/www.visionweb.com.ar\/wp-content\/uploads\/2023\/08\/a-ventas-320x240.png 320w, https:\/\/www.visionweb.com.ar\/wp-content\/uploads\/2023\/08\/a-ventas.png 408w\" sizes=\"auto, (max-width: 300px) 100vw, 300px\" \/>L<\/strong>as ventas minoristas de las peque\u00f1as y medianas empresas cayeron 28,5% enero contra enero, seg\u00fan la medici\u00f3n a precios constantes. De acuerdo con el informe publicado este domingo por la C\u00e1mara Argentina de la Mediana Empresa (CAME), a nivel intermensual desestacionalizado se registr\u00f3 un descenso del 6,4%.<\/p>\n<p>As\u00ed,\u00a0<strong>2024 empez\u00f3 con un mal desempe\u00f1o en el sector comercial, marcado por escasas transacciones y una baja afluencia de p\u00fablico en los locales.<\/strong><\/p>\n<p>Sin embargo,\u00a0<strong>el sector textil fue la excepci\u00f3n: logr\u00f3 un aumento del 0,9% en comparaci\u00f3n con enero del a\u00f1o anterior\u00a0<\/strong>(hab\u00eda registrado una baja del 14,4%), siempre seg\u00fan los precios constantes. El incremento se atribuye a la combinaci\u00f3n de ofertas atractivas y a las compras realizadas en gran cantidad por turistas internacionales.<\/p>\n<p>Pero el desempe\u00f1o textil no fue la regla. En t\u00e9rminos generales, los comercios consultados coincidieron en que \u201cenero fue un mes perdido\u201d. As\u00ed surge del \u00cdndice de Ventas Minoristas Pymes de CAME, elaborado sobre la base de un relevamiento mensual entre 1.256 comercios minoristas del pa\u00eds, entre el 1 y el 2 de este mes.<\/p>\n<p class=\"wp-block-heading\"><strong>Los rubros<\/strong><\/p>\n<p><strong>Seis de los siete rubros relevados registraron ca\u00eddas interanuales en sus ventas. La mayor retracci\u00f3n anual se detect\u00f3 en Farmacias, -45,8%, seguido de Alimentos y Bebidas, -37,1%.<\/strong>\u00a0El \u00fanico sector en alza fue Textil e Indumentaria, +0,9%.<\/p>\n<p><strong>Alimentos y bebidas<\/strong><\/p>\n<p>Las ventas tuvieron un derrumbe del 37,1% en enero respecto del a\u00f1o anterior a precios constantes, y registraron un retroceso del 13,2% en la comparaci\u00f3n mensual.<\/p>\n<p><strong>Bazar, decoraci\u00f3n, textiles para el hogar y muebles<\/strong><\/p>\n<p>Las ventas descendieron 20,5% anual en enero a precios constantes y 5,4% en el contraste mensual.<\/p>\n<p><strong>Calzado y marroquiner\u00eda<\/strong><\/p>\n<p>Hubo una baja del 20,8% anual, a precios constantes, y del 7,1% contra diciembre.<\/p>\n<p><strong>Farmacia<\/strong><\/p>\n<p>Las ventas se desplomaron 45,8% anual en enero, a precios constantes, y 7,9% en la comparaci\u00f3n intermensual.<\/p>\n<p><strong>Perfumer\u00eda<\/strong><\/p>\n<p>Se registr\u00f3 un descenso del 32,6% anual en enero, a precios constantes, y del 7,8% en el balance intermensual.<\/p>\n<p><strong>Ferreter\u00eda, materiales el\u00e9ctricos y materiales de la construcci\u00f3n<\/strong><\/p>\n<p>Las ventas se hundieron 31,3% anual, siempre a precios constantes, y 7,3% a nivel intermensual. Fue uno de los ramos m\u00e1s golpeados, que recibi\u00f3 adem\u00e1s el impacto por el abrupto freno de la obra p\u00fablica y en la construcci\u00f3n privada.<\/p>\n<p><strong>Textil e indumentaria<\/strong><\/p>\n<p>Las ventas subieron 0,9% anual en enero, a precios constantes, aunque cayeron 2,8% mensual. Fue el \u00fanico rubro en alza, lo cual sorprendi\u00f3 por el contexto general. <strong>(VW)<\/strong><\/p>\n","protected":false},"excerpt":{"rendered":"<p>Seg\u00fan CAME el sector textil fue la excepci\u00f3n: logr\u00f3 un aumento del 0,9% en comparaci\u00f3n con enero del a\u00f1o anterior.<\/p>\n","protected":false},"author":3,"featured_media":12787,"comment_status":"closed","ping_status":"closed","sticky":false,"template":"","format":"standard","meta":{"_monsterinsights_skip_tracking":false,"_monsterinsights_sitenote_active":false,"_monsterinsights_sitenote_note":"","_monsterinsights_sitenote_category":0,"footnotes":""},"categories":[6],"tags":[111,3551,3917,758],"class_list":["post-13500","post","type-post","status-publish","format-standard","has-post-thumbnail","hentry","category-economia","tag-alimentos","tag-caida","tag-minoristas","tag-ventas"],"_links":{"self":[{"href":"https:\/\/www.visionweb.com.ar\/index.php?rest_route=\/wp\/v2\/posts\/13500","targetHints":{"allow":["GET"]}}],"collection":[{"href":"https:\/\/www.visionweb.com.ar\/index.php?rest_route=\/wp\/v2\/posts"}],"about":[{"href":"https:\/\/www.visionweb.com.ar\/index.php?rest_route=\/wp\/v2\/types\/post"}],"author":[{"embeddable":true,"href":"https:\/\/www.visionweb.com.ar\/index.php?rest_route=\/wp\/v2\/users\/3"}],"replies":[{"embeddable":true,"href":"https:\/\/www.visionweb.com.ar\/index.php?rest_route=%2Fwp%2Fv2%2Fcomments&post=13500"}],"version-history":[{"count":1,"href":"https:\/\/www.visionweb.com.ar\/index.php?rest_route=\/wp\/v2\/posts\/13500\/revisions"}],"predecessor-version":[{"id":13504,"href":"https:\/\/www.visionweb.com.ar\/index.php?rest_route=\/wp\/v2\/posts\/13500\/revisions\/13504"}],"wp:featuredmedia":[{"embeddable":true,"href":"https:\/\/www.visionweb.com.ar\/index.php?rest_route=\/wp\/v2\/media\/12787"}],"wp:attachment":[{"href":"https:\/\/www.visionweb.com.ar\/index.php?rest_route=%2Fwp%2Fv2%2Fmedia&parent=13500"}],"wp:term":[{"taxonomy":"category","embeddable":true,"href":"https:\/\/www.visionweb.com.ar\/index.php?rest_route=%2Fwp%2Fv2%2Fcategories&post=13500"},{"taxonomy":"post_tag","embeddable":true,"href":"https:\/\/www.visionweb.com.ar\/index.php?rest_route=%2Fwp%2Fv2%2Ftags&post=13500"}],"curies":[{"name":"wp","href":"https:\/\/api.w.org\/{rel}","templated":true}]}}