{"id":13492,"date":"2024-02-02T09:05:32","date_gmt":"2024-02-02T12:05:32","guid":{"rendered":"https:\/\/www.visionweb.com.ar\/?p=13492"},"modified":"2024-02-02T09:05:32","modified_gmt":"2024-02-02T12:05:32","slug":"vacaciones-en-mar-del-plata-hubo-6-menos-de-turistas","status":"publish","type":"post","link":"https:\/\/www.visionweb.com.ar\/?p=13492","title":{"rendered":"Vacaciones: En Mar del Plata hubo 6% menos de turistas"},"content":{"rendered":"<p><em><strong>Seg\u00fan el Ente Municipal de Turismo y Cultura, General Pueyrred\u00f3n recibi\u00f3 1.405.699 en elprimer mes del a\u00f1o<\/strong><\/em>. <strong><em>Respecto de los medios de transporte utilizados por los pasajeros, se verific\u00f3 un incremento en los vuelos a\u00e9reos.\u00a0\u00a0<\/em><\/strong><!--more--><\/p>\n<p><img loading=\"lazy\" decoding=\"async\" class=\"size-medium wp-image-13493 alignleft\" src=\"https:\/\/www.visionweb.com.ar\/wp-content\/uploads\/2024\/02\/MAR-DEL-PLATA-TURISMO-300x196.png\" alt=\"\" width=\"300\" height=\"196\" srcset=\"https:\/\/www.visionweb.com.ar\/wp-content\/uploads\/2024\/02\/MAR-DEL-PLATA-TURISMO-300x196.png 300w, https:\/\/www.visionweb.com.ar\/wp-content\/uploads\/2024\/02\/MAR-DEL-PLATA-TURISMO.png 448w\" sizes=\"auto, (max-width: 300px) 100vw, 300px\" \/>En el primer mes de 2024, los turista que llegaron a Mar del Plata totalizaron 1.405.699 personas, c\u00a1ifra que signific\u00f3 una ca\u00edda del 6%, respecto de igual per\u00edodo de 2023, cuando se contabilizaron 1.494.586, de acuerdo con los datos publicados por el Ente Municipal de Turismo y Cultura (Emturc)<\/p>\n<p>Seg\u00fan el organismo municipal en 2022, se contabilizaron 1.327.732 de turistas. Si al primer mes del a\u00f1o se le suma el \u00faltimo mes de 2023, el total de visitantes para esta temporada alcanza las 2.314.979 personas.<\/p>\n<p><strong>\u201cEl acumulado de ingresos de diciembre a enero fue de un 2,9% menos que el mismo per\u00edodo de 2023\/24<\/strong>. En medio del contexto econ\u00f3mico que estamos atravesando, Mar del Plata sigue siendo la m\u00e1s elegida por los j\u00f3venes y las familias\u201d, describi\u00f3 Bernardo Martin, presidente del Emturyc, citado por el portal\u00a0<a href=\"https:\/\/www.0223.com.ar\/nota\/2024-2-1-16-15-0-mas-de-un-millon-de-turistas-eligieron-mar-del-plata-en-enero\">0223.com.ar<\/a>.<\/p>\n<p>\u201cEn cuanto a la ocupaci\u00f3n hotelera global, durante enero fue del 67,3%, con un promedio diario de 33.370 plazas ocupadas de un total de 49.400 plazas disponibles. Se destac\u00f3 el fin de semana del 20 y 21, con un pico de 82,5% de ocupaci\u00f3n global\u201d, se\u00f1al\u00f3 Mart\u00edn.<\/p>\n<p>LA medici\u00f3n incluy\u00f3 tambi\u00e9n el uso de medios de transportes utilizados para lelgar a la \u00abCiudad Feliz\u00bb que \u201cdurante enero el 81,5% lo hizo en autom\u00f3vil; 13,8%, en \u00f3mnibus; 3,1%, en ferrocarril, y 1,6%, en avi\u00f3n\u201d.<\/p>\n<p>A prop\u00f3sito de los vuelos, este a\u00f1o ese medio de transporte registro un crecimiento del 9,9%, explicado por el incremento de las frecuencias de los vuelos de Aerol\u00edneas Argentinas y de la incorporaci\u00f3n de Flybondi, consign\u00f3 0223.com.ar.<\/p>\n<h2 class=\"wp-block-heading\">Partido de La Costa<\/h2>\n<p><strong>Al Partido de La Costa llegaron 1.140.200 visitantes entre el 1 y el 25 de enero, cifra que supone un retroceso del 4% respecto del mismo per\u00edodo de 2023<\/strong>.<\/p>\n<p>De acuerdo con informaci\u00f3n que difundi\u00f3 el municipio este jueves, el promedio de ocupaci\u00f3n tuvo su pico m\u00e1s alto en las caba\u00f1as con el 96%. Detr\u00e1s se ubicaron los balnearios, con 76%; los complejos de departamentos, 73%, y la hoteler\u00eda, 67%.<\/p>\n<p>La localidad con mayor ocupaci\u00f3n hotelera fue Costa del Este, con el 95%. M\u00e1s atr\u00e1s se ubicaron San Clemente, con el 76%; Las Toninas, 74%, y Mar del Tuy\u00fa, 71%. Los hoteles residenciales lograron la ocupaci\u00f3n m\u00e1s alta, con el 77%.<\/p>\n<p>\u201cSi tenemos en cuenta la situaci\u00f3n actual,\u00a0<strong>la temporada est\u00e1 cumpliendo con las expectativas, sobre todo porque en la segunda quincena las cosas mejoraron notablemente compar\u00e1ndola con la primera<\/strong>, sin llegar a los niveles de consumo deseados y sin llegar a los niveles del a\u00f1o pasado\u201d, analiz\u00f3 Guillermo Favale, secretario de Turismo, Desarrollo Sostenible y Marketing de La Costa<strong>(VW)<\/strong><\/p>\n<p>&nbsp;<\/p>\n<p>&nbsp;<\/p>\n","protected":false},"excerpt":{"rendered":"<p>Seg\u00fan el Ente Municipal de Turismo y Cultura, General Pueyrred\u00f3n recibi\u00f3 1.405.699 en elprimer mes del a\u00f1o. Respecto de los medios de transporte utilizados por los pasajeros, se verific\u00f3 un incremento en los vuelos&#46;&#46;&#46;<\/p>\n","protected":false},"author":3,"featured_media":13493,"comment_status":"closed","ping_status":"closed","sticky":false,"template":"","format":"standard","meta":{"_monsterinsights_skip_tracking":false,"_monsterinsights_sitenote_active":false,"_monsterinsights_sitenote_note":"","_monsterinsights_sitenote_category":0,"footnotes":""},"categories":[700],"tags":[943,247,4841,11],"class_list":["post-13492","post","type-post","status-publish","format-standard","has-post-thumbnail","hentry","category-turismo","tag-hoteleria","tag-mar-del-plata","tag-transportes","tag-turistas"],"_links":{"self":[{"href":"https:\/\/www.visionweb.com.ar\/index.php?rest_route=\/wp\/v2\/posts\/13492","targetHints":{"allow":["GET"]}}],"collection":[{"href":"https:\/\/www.visionweb.com.ar\/index.php?rest_route=\/wp\/v2\/posts"}],"about":[{"href":"https:\/\/www.visionweb.com.ar\/index.php?rest_route=\/wp\/v2\/types\/post"}],"author":[{"embeddable":true,"href":"https:\/\/www.visionweb.com.ar\/index.php?rest_route=\/wp\/v2\/users\/3"}],"replies":[{"embeddable":true,"href":"https:\/\/www.visionweb.com.ar\/index.php?rest_route=%2Fwp%2Fv2%2Fcomments&post=13492"}],"version-history":[{"count":1,"href":"https:\/\/www.visionweb.com.ar\/index.php?rest_route=\/wp\/v2\/posts\/13492\/revisions"}],"predecessor-version":[{"id":13494,"href":"https:\/\/www.visionweb.com.ar\/index.php?rest_route=\/wp\/v2\/posts\/13492\/revisions\/13494"}],"wp:featuredmedia":[{"embeddable":true,"href":"https:\/\/www.visionweb.com.ar\/index.php?rest_route=\/wp\/v2\/media\/13493"}],"wp:attachment":[{"href":"https:\/\/www.visionweb.com.ar\/index.php?rest_route=%2Fwp%2Fv2%2Fmedia&parent=13492"}],"wp:term":[{"taxonomy":"category","embeddable":true,"href":"https:\/\/www.visionweb.com.ar\/index.php?rest_route=%2Fwp%2Fv2%2Fcategories&post=13492"},{"taxonomy":"post_tag","embeddable":true,"href":"https:\/\/www.visionweb.com.ar\/index.php?rest_route=%2Fwp%2Fv2%2Ftags&post=13492"}],"curies":[{"name":"wp","href":"https:\/\/api.w.org\/{rel}","templated":true}]}}