{"id":13489,"date":"2024-02-02T08:34:10","date_gmt":"2024-02-02T11:34:10","guid":{"rendered":"https:\/\/www.visionweb.com.ar\/?p=13489"},"modified":"2024-02-02T08:34:10","modified_gmt":"2024-02-02T11:34:10","slug":"por-restricciones-presupuestarias-san-vicente-no-tendra-corso-2024","status":"publish","type":"post","link":"https:\/\/www.visionweb.com.ar\/?p=13489","title":{"rendered":"Por restricciones presupuestarias San Vicente no tendr\u00e1 corso 2024"},"content":{"rendered":"<p><em>\u00a0<strong>Pero habr\u00e1 apoyo para actividades barriales y eventos que se realizar\u00e1n en San Vicente, Alejandro Korn y Domselaar.<\/strong><\/em><!--more--><\/p>\n<p><img loading=\"lazy\" decoding=\"async\" class=\"size-medium wp-image-13490 alignright\" src=\"https:\/\/www.visionweb.com.ar\/wp-content\/uploads\/2024\/02\/CORSOS-EN-SAN-VICENTE-300x167.png\" alt=\"\" width=\"300\" height=\"167\" srcset=\"https:\/\/www.visionweb.com.ar\/wp-content\/uploads\/2024\/02\/CORSOS-EN-SAN-VICENTE-300x167.png 300w, https:\/\/www.visionweb.com.ar\/wp-content\/uploads\/2024\/02\/CORSOS-EN-SAN-VICENTE.png 640w\" sizes=\"auto, (max-width: 300px) 100vw, 300px\" \/>San Vicente no tendr\u00e1 este a\u00f1o sus festejos de carnaval, tras la\u00a0<strong>decisi\u00f3n de la gesti\u00f3n comunal de suspenderlos en funci\u00f3n de las restricciones presupuestarias\u00a0<\/strong>del Municipio que impiden armar una fiesta de esa envergadura donde se encuentren las murgas del distrito, trascendi\u00f3 de fuentes municipales.<\/p>\n<p>Desde la administraci\u00f3n aclararon que, sin embargo,\u00a0<strong>habr\u00e1 apoyo a diversas actividades barriales y eventos que se realizar\u00e1n en San Vicente, Alejandro Korn y Domselaar.<\/strong><\/p>\n<p>De este modo, los desfiles de murgas y comparsas, que regresaron cuando se reinstauraron los feriados en 2011 conocer\u00e1n<strong>\u00a0su segunda suspensi\u00f3n tras la de 2021 en \u00e9pocas del aislamiento por la pandemia de Covid 19.<\/strong><\/p>\n<p>Emplazados en estos tiempos en espacios como la avenida Sarmiento, la laguna o el Viejo Casal,<strong> la edici\u00f3n de 2023 tuvo como escenario la avenida Biocca(VW).<\/strong><\/p>\n","protected":false},"excerpt":{"rendered":"<p>\u00a0Pero habr\u00e1 apoyo para actividades barriales y eventos que se realizar\u00e1n en San Vicente, Alejandro Korn y Domselaar.<\/p>\n","protected":false},"author":3,"featured_media":13490,"comment_status":"closed","ping_status":"closed","sticky":false,"template":"","format":"standard","meta":{"_monsterinsights_skip_tracking":false,"_monsterinsights_sitenote_active":false,"_monsterinsights_sitenote_note":"","_monsterinsights_sitenote_category":0,"footnotes":""},"categories":[8],"tags":[494,5594,14,493,1564],"class_list":["post-13489","post","type-post","status-publish","format-standard","has-post-thumbnail","hentry","category-interes-general","tag-barrios","tag-corso","tag-municipio","tag-recursos","tag-san-vicente"],"_links":{"self":[{"href":"https:\/\/www.visionweb.com.ar\/index.php?rest_route=\/wp\/v2\/posts\/13489","targetHints":{"allow":["GET"]}}],"collection":[{"href":"https:\/\/www.visionweb.com.ar\/index.php?rest_route=\/wp\/v2\/posts"}],"about":[{"href":"https:\/\/www.visionweb.com.ar\/index.php?rest_route=\/wp\/v2\/types\/post"}],"author":[{"embeddable":true,"href":"https:\/\/www.visionweb.com.ar\/index.php?rest_route=\/wp\/v2\/users\/3"}],"replies":[{"embeddable":true,"href":"https:\/\/www.visionweb.com.ar\/index.php?rest_route=%2Fwp%2Fv2%2Fcomments&post=13489"}],"version-history":[{"count":1,"href":"https:\/\/www.visionweb.com.ar\/index.php?rest_route=\/wp\/v2\/posts\/13489\/revisions"}],"predecessor-version":[{"id":13491,"href":"https:\/\/www.visionweb.com.ar\/index.php?rest_route=\/wp\/v2\/posts\/13489\/revisions\/13491"}],"wp:featuredmedia":[{"embeddable":true,"href":"https:\/\/www.visionweb.com.ar\/index.php?rest_route=\/wp\/v2\/media\/13490"}],"wp:attachment":[{"href":"https:\/\/www.visionweb.com.ar\/index.php?rest_route=%2Fwp%2Fv2%2Fmedia&parent=13489"}],"wp:term":[{"taxonomy":"category","embeddable":true,"href":"https:\/\/www.visionweb.com.ar\/index.php?rest_route=%2Fwp%2Fv2%2Fcategories&post=13489"},{"taxonomy":"post_tag","embeddable":true,"href":"https:\/\/www.visionweb.com.ar\/index.php?rest_route=%2Fwp%2Fv2%2Ftags&post=13489"}],"curies":[{"name":"wp","href":"https:\/\/api.w.org\/{rel}","templated":true}]}}