{"id":13470,"date":"2024-02-01T07:46:29","date_gmt":"2024-02-01T10:46:29","guid":{"rendered":"https:\/\/www.visionweb.com.ar\/?p=13470"},"modified":"2024-02-01T07:46:29","modified_gmt":"2024-02-01T10:46:29","slug":"colegios-privados-la-provincia-de-buenos-aires-mantendra-los-limitando-al-aumento-de-cuotas","status":"publish","type":"post","link":"https:\/\/www.visionweb.com.ar\/?p=13470","title":{"rendered":"Colegios privados: La provincia de Buenos Aires mantendr\u00e1  los limitando al aumento de cuotas"},"content":{"rendered":"<p><em><strong>As\u00ed lo asegur\u00f3 Alberto Sileoni, a poco m\u00e1s de un mes del inicio de las clases. En la Provincia hay 6.300 escuelas privadas.<\/strong><\/em><!--more--><\/p>\n<p><img loading=\"lazy\" decoding=\"async\" class=\"size-full wp-image-861 alignright\" src=\"https:\/\/www.visionweb.com.ar\/wp-content\/uploads\/2021\/02\/COLEGIOS.bmp\" alt=\"\" width=\"380\" height=\"304\" \/>El director general de Cultura y Educaci\u00f3n bonaerense, Alberto Sileoni, afirm\u00f3 hoy que la provincia de Buenos Aires seguir\u00e1 limitando el incremento de cuotas de colegios de gesti\u00f3n privada dado que el 70% de esas instituciones recibe subvenciones del Estado.<\/p>\n<p>En declaraciones a radio Provincia, el funcionario explic\u00f3 que pese al \u201cesp\u00edritu desregulador que tiene el gobierno nacional para que haya menos Estado\u201d, en el territorio bonaerense \u201chay una Ley de Educaci\u00f3n y normas que regulan los topes arancelarios para cada ciclo lectivo\u201d.<\/p>\n<p>Aclar\u00f3 que, si bien \u201cesos topes no son fijos, porque se van moviendo con la inflaci\u00f3n, no hay desregulaci\u00f3n\u201d.<br \/>\nEn ese sentido, manifest\u00f3 que \u201cen la provincia hay un sistema educativo de 6.300 instituciones de gesti\u00f3n privada, de las cuales 4.300 (70%) est\u00e1n subvencionadas por el Estado\u201d.<\/p>\n<p>Resalt\u00f3 que \u201cla mayor\u00eda tiene una subvenci\u00f3n que se dedica a sostener entre el 80% y el 100% de los salarios\u201d e indic\u00f3 que, de acuerdo al porcentaje que reciben, la Provincia limita el monto de la cuota y de la matr\u00edcula.<\/p>\n<p>Sileoni subray\u00f3 que \u201cno estamos diciendo \u2018no a la educaci\u00f3n privada\u2019, sino que le tenemos respeto por cuanto representan el 30% del sistema educativo bonaerense y ofrecen un enorme testimonio social\u201d.<\/p>\n<p>Sostuvo que reconoce la labor de las escuelas privadas, pero aclar\u00f3 que habr\u00e1 \u00abtopes en las cuotas y matr\u00edculas para defender el bolsillo de las familias\u201d.<\/p>\n<p>Por otra parte, Sileoni inform\u00f3 que no se advierte \u00abuna tendencia de traspaso\u201d de las escuelas privadas a las p\u00fablicas, aunque \u201cs\u00ed una mayor frecuencia de consultas en las jefaturas de distritos donde est\u00e1n nuestros inspectores\u201d.<\/p>\n<p>Alert\u00f3 que \u201cesto de ning\u00fan modo es un \u00e9xodo o una tendencia, sino que hay una inquietud mayor porque el tiempo que tenemos por delante es de incertidumbre\u201d y recalc\u00f3 que desde el gobierno que encabeza Axel Kicillof no quieren \u00abque haya un traspaso masivo porque no es el equilibrio que se desea\u201d.<\/p>\n<p>Luego, y al ser consultado sobre la posibilidad de un escenario de conflicto gremial por el recorte en el env\u00edo de fondos nacionales a la provincia, record\u00f3 que \u201cdec\u00edamos con orgullo que entre el 2019 y el 2023 las clases empezaron el 1\u00b0 de marzo, como corresponde, pero este a\u00f1o no puedo contestar con la misma certeza\u201d.<\/p>\n<p>\u201cTenemos una mesa gremial responsable y comprometida, con la que dialogamos mucho, (pero) representan a trabajadores que ver\u00e1n impactado el poder adquisitivo de sus salarios\u201d, admiti\u00f3.<\/p>\n<p>De todos modos, consider\u00f3 que \u201csi hubiera conflictos, deber\u00edan trasladarse al gobierno nacional porque nuestro gobierno sigue activo y prefiere al Estado, as\u00ed como la igualdad de las personas, mientras que la Naci\u00f3n toma decisiones en contra de la gente\u201d<strong>(VW)<\/strong>.<\/p>\n","protected":false},"excerpt":{"rendered":"<p>As\u00ed lo asegur\u00f3 Alberto Sileoni, a poco m\u00e1s de un mes del inicio de las clases. En la Provincia hay 6.300 escuelas privadas.<\/p>\n","protected":false},"author":3,"featured_media":861,"comment_status":"closed","ping_status":"closed","sticky":false,"template":"","format":"standard","meta":{"_monsterinsights_skip_tracking":false,"_monsterinsights_sitenote_active":false,"_monsterinsights_sitenote_note":"","_monsterinsights_sitenote_category":0,"footnotes":""},"categories":[7,8],"tags":[141,1711,430,5592,798],"class_list":["post-13470","post","type-post","status-publish","format-standard","has-post-thumbnail","hentry","category-educacion-y-cultura","category-interes-general","tag-aumentos","tag-cuotas","tag-escuelas","tag-limites","tag-privadas"],"_links":{"self":[{"href":"https:\/\/www.visionweb.com.ar\/index.php?rest_route=\/wp\/v2\/posts\/13470","targetHints":{"allow":["GET"]}}],"collection":[{"href":"https:\/\/www.visionweb.com.ar\/index.php?rest_route=\/wp\/v2\/posts"}],"about":[{"href":"https:\/\/www.visionweb.com.ar\/index.php?rest_route=\/wp\/v2\/types\/post"}],"author":[{"embeddable":true,"href":"https:\/\/www.visionweb.com.ar\/index.php?rest_route=\/wp\/v2\/users\/3"}],"replies":[{"embeddable":true,"href":"https:\/\/www.visionweb.com.ar\/index.php?rest_route=%2Fwp%2Fv2%2Fcomments&post=13470"}],"version-history":[{"count":1,"href":"https:\/\/www.visionweb.com.ar\/index.php?rest_route=\/wp\/v2\/posts\/13470\/revisions"}],"predecessor-version":[{"id":13471,"href":"https:\/\/www.visionweb.com.ar\/index.php?rest_route=\/wp\/v2\/posts\/13470\/revisions\/13471"}],"wp:featuredmedia":[{"embeddable":true,"href":"https:\/\/www.visionweb.com.ar\/index.php?rest_route=\/wp\/v2\/media\/861"}],"wp:attachment":[{"href":"https:\/\/www.visionweb.com.ar\/index.php?rest_route=%2Fwp%2Fv2%2Fmedia&parent=13470"}],"wp:term":[{"taxonomy":"category","embeddable":true,"href":"https:\/\/www.visionweb.com.ar\/index.php?rest_route=%2Fwp%2Fv2%2Fcategories&post=13470"},{"taxonomy":"post_tag","embeddable":true,"href":"https:\/\/www.visionweb.com.ar\/index.php?rest_route=%2Fwp%2Fv2%2Ftags&post=13470"}],"curies":[{"name":"wp","href":"https:\/\/api.w.org\/{rel}","templated":true}]}}