{"id":13444,"date":"2024-01-30T09:18:03","date_gmt":"2024-01-30T12:18:03","guid":{"rendered":"https:\/\/www.visionweb.com.ar\/?p=13444"},"modified":"2024-01-30T09:18:03","modified_gmt":"2024-01-30T12:18:03","slug":"la-nafta-tendria-un-nuevo-ajuste-desde-el-jueves","status":"publish","type":"post","link":"https:\/\/www.visionweb.com.ar\/?p=13444","title":{"rendered":"La nafta tendr\u00eda un nuevo ajuste desde el jueves"},"content":{"rendered":"<p><strong><em>Es por el vencimiento de un impuesto que fue congelado en la gesti\u00f3n de Alberto Fern\u00e1ndez. El incremento de esa tasa tributaria podr\u00eda superar los 100 puntos porcentuales<\/em><\/strong>. <!--more--><\/p>\n<p><img loading=\"lazy\" decoding=\"async\" class=\"size-full wp-image-5568 alignright\" src=\"https:\/\/www.visionweb.com.ar\/wp-content\/uploads\/2022\/05\/surtidores-ypf.bmp\" alt=\"\" width=\"366\" height=\"390\" \/>El Gobierno de Javier Milei define por estas horas el futuro del impuesto a los combustibles l\u00edquidos (ICL). En enero vence el \u00faltimo decreto de pr\u00f3rroga que congel\u00f3 el tributo en $27,6 desde octubre de 2022, cuando era ministro de Econom\u00eda Sergio Massa.<\/p>\n<p>Un incremento del 100% podr\u00eda impactar en una suba de precios del 25% en el surtidor, aunque otros actores del sector estiman que el ajuste rondar\u00e1 el 11%.<\/p>\n<p>Con el objetivo de sumar recaudaci\u00f3n y compensar el bloqueo de su reforma impositiva prevista en la ley \u00f3mnibus, la administraci\u00f3n nacional eval\u00faa descongelar el gravamen que no se actualiza desde julio de 2021, lo que generado un atraso acumulado del 377%.<\/p>\n<p>Es que ante una suba fuerte de la inflaci\u00f3n, el Gobierno de Alberto Fern\u00e1ndez decidi\u00f3 congelarlo, algo que luego prorrog\u00f3 Massa, a pocos d\u00edas de la segunda vuelta electoral. Si Milei ahora decide subir el impuesto, se estima que sumar\u00eda medio punto a la inflaci\u00f3n de enero.<\/p>\n<p>Ahora, la expectativa en el sector es que haya un ajuste del impuesto a los combustibles l\u00edquidos y al di\u00f3xido de carbono, lo que podr\u00eda reflejarse en un incremento del 11% al 25% en surtidores desde el jueves. Todo depende del an\u00e1lisis de los n\u00fameros que hacen los integrantes del sector petrolero.<\/p>\n<p>En ese caso que la suba sea del 11%, el litro de nafta s\u00faper pasar\u00eda de $ 699 a $ 775 en la Ciudad de Buenos Aires, mientras el valor de la premium subir\u00eda de $ 862 a $ 956. Esta claro que en el interior el litro est\u00e1 m\u00e1s alto.<\/p>\n<p>Sin embargo, desde el Instituto Argentino de An\u00e1lisis Fiscal (IARAF), se calcul\u00f3 que el incremento deber\u00eda ser de 25% en el caso que se apunte a que el tributo recupere su valor real calculado en base a 2018, cuando se estableci\u00f3 el mecanismo de actualizaci\u00f3n por inflaci\u00f3n. Eso har\u00eda ajustar al litro de la nafta en unos $175.<\/p>\n<p>Cuando asumi\u00f3, el Gobierno de Milei devalu\u00f3 el 55% y \u201clibre\u00f3 precios\u201d. As\u00ed, desde noviembre las naftas subieron un 140%. Ahora bien, como el combustible representa el 20% del costo de transporte y, a su vez, lleva impl\u00edcito algo m\u00e1s de 50% de carga tributaria, lo que una suba del impuesto tendr\u00e1 impacto en el boleto de colectivo<strong>(VW)<\/strong><\/p>\n","protected":false},"excerpt":{"rendered":"<p>Es por el vencimiento de un impuesto que fue congelado en la gesti\u00f3n de Alberto Fern\u00e1ndez. El incremento de esa tasa tributaria podr\u00eda superar los 100 puntos porcentuales.<\/p>\n","protected":false},"author":3,"featured_media":5568,"comment_status":"closed","ping_status":"closed","sticky":false,"template":"","format":"standard","meta":{"_monsterinsights_skip_tracking":false,"_monsterinsights_sitenote_active":false,"_monsterinsights_sitenote_note":"","_monsterinsights_sitenote_category":0,"footnotes":""},"categories":[8],"tags":[1804,58,5585,5452,1812],"class_list":["post-13444","post","type-post","status-publish","format-standard","has-post-thumbnail","hentry","category-interes-general","tag-ajuste","tag-aumento","tag-comustibles","tag-impuesto","tag-precio"],"_links":{"self":[{"href":"https:\/\/www.visionweb.com.ar\/index.php?rest_route=\/wp\/v2\/posts\/13444","targetHints":{"allow":["GET"]}}],"collection":[{"href":"https:\/\/www.visionweb.com.ar\/index.php?rest_route=\/wp\/v2\/posts"}],"about":[{"href":"https:\/\/www.visionweb.com.ar\/index.php?rest_route=\/wp\/v2\/types\/post"}],"author":[{"embeddable":true,"href":"https:\/\/www.visionweb.com.ar\/index.php?rest_route=\/wp\/v2\/users\/3"}],"replies":[{"embeddable":true,"href":"https:\/\/www.visionweb.com.ar\/index.php?rest_route=%2Fwp%2Fv2%2Fcomments&post=13444"}],"version-history":[{"count":1,"href":"https:\/\/www.visionweb.com.ar\/index.php?rest_route=\/wp\/v2\/posts\/13444\/revisions"}],"predecessor-version":[{"id":13445,"href":"https:\/\/www.visionweb.com.ar\/index.php?rest_route=\/wp\/v2\/posts\/13444\/revisions\/13445"}],"wp:featuredmedia":[{"embeddable":true,"href":"https:\/\/www.visionweb.com.ar\/index.php?rest_route=\/wp\/v2\/media\/5568"}],"wp:attachment":[{"href":"https:\/\/www.visionweb.com.ar\/index.php?rest_route=%2Fwp%2Fv2%2Fmedia&parent=13444"}],"wp:term":[{"taxonomy":"category","embeddable":true,"href":"https:\/\/www.visionweb.com.ar\/index.php?rest_route=%2Fwp%2Fv2%2Fcategories&post=13444"},{"taxonomy":"post_tag","embeddable":true,"href":"https:\/\/www.visionweb.com.ar\/index.php?rest_route=%2Fwp%2Fv2%2Ftags&post=13444"}],"curies":[{"name":"wp","href":"https:\/\/api.w.org\/{rel}","templated":true}]}}