{"id":13430,"date":"2024-01-26T08:31:36","date_gmt":"2024-01-26T11:31:36","guid":{"rendered":"https:\/\/www.visionweb.com.ar\/?p=13430"},"modified":"2024-01-26T08:31:36","modified_gmt":"2024-01-26T11:31:36","slug":"intendentes-del-conurbano-aseguran-que-se-ve-una-mayor-demanda-de-alimentos","status":"publish","type":"post","link":"https:\/\/www.visionweb.com.ar\/?p=13430","title":{"rendered":"Intendentes del conurbano aseguran que  se ve una mayor demanda de alimentos"},"content":{"rendered":"<p><em><strong>Fue durante un encuentro con el gobernador AxelKicillof. Los intendentes de Almirante Brown, Mariano Cascallares, y de Avellaneda, Jorge Ferraresi, fueron de la partida.<\/strong><\/em><!--more--><\/p>\n<div id=\"attachment_13431\" style=\"width: 310px\" class=\"wp-caption alignright\"><img loading=\"lazy\" decoding=\"async\" aria-describedby=\"caption-attachment-13431\" class=\"wp-image-13431 size-medium\" src=\"https:\/\/www.visionweb.com.ar\/wp-content\/uploads\/2024\/01\/INTENDENTES-300x169.png\" alt=\"\" width=\"300\" height=\"169\" srcset=\"https:\/\/www.visionweb.com.ar\/wp-content\/uploads\/2024\/01\/INTENDENTES-300x169.png 300w, https:\/\/www.visionweb.com.ar\/wp-content\/uploads\/2024\/01\/INTENDENTES.png 640w\" sizes=\"auto, (max-width: 300px) 100vw, 300px\" \/><p id=\"caption-attachment-13431\" class=\"wp-caption-text\"><em><strong>El gobernador Kicillof se reuni\u00f3n con varios intendentes, hubo representates de la Tercera Secci\u00f3n electoral (Foto: Prensa PBA) <\/strong><\/em><\/p><\/div>\n<p><strong>E<\/strong>l gobernador\u00a0<strong>Axel Kicillof<\/strong> mantuvo una reuni\u00f3n con intendentes que le manifestaron<strong> \u201cel marcado crecimiento en la demanda de comida y de trabajo\u201d<\/strong>\u00a0en los municipios, registrado despu\u00e9s de \u201cla devaluaci\u00f3n y la desregulaci\u00f3n\u201d que aplic\u00f3 el Gobierno nacional.<\/p>\n<p>La reuni\u00f3n tuvo lugar en la Gobernaci\u00f3n bonaerense y cont\u00f3 con la participaci\u00f3n de los intendentes de La Plata, Julio Alak; de\u00a0<strong>Avellaneda, Jorge Ferraresi<\/strong>; de Ensenada, Mario Secco; de Merlo, Gustavo Men\u00e9ndez; de\u00a0<strong>Almirante Brown, Mariano Cascallares<\/strong>; de Hurlingham, Dami\u00e1n Selci; de Escobar, Ariel Sujarchuk; y a las intendentas Mayra Mendoza, de Quilmes; y Mariel Fern\u00e1ndez, de Moreno.<\/p>\n<p><strong>\u201cLa comunidad esta muy afectada por el ajuste, la devaluaci\u00f3n y el aumento de precios en las g\u00f3ndolas. Adem\u00e1s, a\u00fan hay m\u00e1s aumentos por realizarse en servicios y transporte. La demanda de alimentos y trabajo de nuestros vecinos viene en fuerte crecimiento\u201d<\/strong>, se\u00f1al\u00f3 el jefe comunal de Avellaneda.<\/p>\n<p>Y apunt\u00f3: \u201cEsto se suma a la reducci\u00f3n de recursos del gobierno del Presidente Milei. Nos preocupa la interrupci\u00f3n y el abandono de aproximadamente 1000 obras que estaban en ejecuci\u00f3n en varios municipios. Nuestro compromiso siempre ser\u00e1 acompa\u00f1ar al pueblo en cada momento dif\u00edcil\u201d.<\/p>\n<p>El Gobierno bonaerense detall\u00f3 en un comunicado que Kicillof convoc\u00f3 a la reuni\u00f3n para \u201canalizar la situaci\u00f3n que est\u00e1 atravesando la provincia y el pa\u00eds desde la asunci\u00f3n del nuevo Gobierno<a href=\"https:\/\/www.inforegion.com.ar\/2023\/12\/16\/primera-semana-de-gobierno-devaluacion-hiperinflacion-quita-de-subsidios-y-protocolo-antipiquetes\/\">\u00a0<\/a>del (presidente) Javier Milei\u201d.<\/p>\n<p><strong>\u201cLos intendentes informaron sobre el marcado crecimiento en la demanda de comida y de trabajo en los municipios\u201d<\/strong>, se indic\u00f3 y en cuanto a los recursos, se observ\u00f3, que \u201cse observa una reducci\u00f3n de aquellos que provienen de fuente nacional, a la vez que se dificulta la cobrabilidad de las tasas locales\u201d.<\/p>\n<p><strong>Los mandatarios analizaron que esa situaci\u00f3n se origin\u00f3 a partir de la \u201cdevaluaci\u00f3n y la desregulaci\u00f3n que se implementaron a partir del 10 de diciembre\u201d, que tuvo como consecuencia \u201cfuertes aumentos en los combustibles, alimentos, medicamentos y otros art\u00edculos de la canasta b\u00e1sica\u201d<\/strong>.<\/p>\n<p>Adem\u00e1s, alertaron que los \u201csectores medios y vulnerables\u201d fueron afectados \u201cgravemente\u201d por las medidas de la administraci\u00f3n de La Libertad Avanza (LLA).<\/p>\n<p>En la reuni\u00f3n, advirtieron tambi\u00e9n su\u00a0\u201cpreocupaci\u00f3n por la interrupci\u00f3n y el abandono de las cerca de 1.000 obras que el Gobierno nacional ten\u00eda en ejecuci\u00f3n en los distintos municipios de la provincia\u201d\u00a0y se\u00f1alaron el \u201cefecto negativo que esto genera sobre el empleo y el consumo local\u201d.<\/p>\n<p>En el encuentro,\u00a0<strong>se resolvi\u00f3 \u201ctomar diversas medidas para abordar esta situaci\u00f3n l\u00edmite\u201d y se expres\u00f3 el \u201ccompromiso de acompa\u00f1ar y defender a los bonaerenses ante esta dif\u00edcil situaci\u00f3n econ\u00f3mica\u201d<\/strong>.<\/p>\n<p>Adem\u00e1s, se decidi\u00f3 conformar una\u00a0<strong>mesa permanente que realizar\u00e1 el seguimiento de la situaci\u00f3n social en la provincia de Buenos Aires<\/strong>, de la que, se inform\u00f3, ser\u00e1n parte tanto el Gobierno provincial como los municipios.<\/p>\n<p>A la reuni\u00f3n asistieron tambi\u00e9n los ministros de Gobierno, Carlos Bianco; de Desarrollo de la Comunidad, Andr\u00e9s Larroque; de Hacienda y Finanzas, Pablo L\u00f3pez; y de Infraestructura y Servicios P\u00fablicos, Gabriel Katopodis; la Jefa de Asesores del Gobernador, Cristina \u00c1lvarez Rodr\u00edguez; y la secretaria general de la Gobernaci\u00f3n, Agustina Vila.<strong>(VW)<\/strong><\/p>\n","protected":false},"excerpt":{"rendered":"<p>Fue durante un encuentro con el gobernador AxelKicillof. Los intendentes de Almirante Brown, Mariano Cascallares, y de Avellaneda, Jorge Ferraresi, fueron de la partida.<\/p>\n","protected":false},"author":3,"featured_media":13431,"comment_status":"closed","ping_status":"closed","sticky":false,"template":"","format":"standard","meta":{"_monsterinsights_skip_tracking":false,"_monsterinsights_sitenote_active":false,"_monsterinsights_sitenote_note":"","_monsterinsights_sitenote_category":0,"footnotes":""},"categories":[4],"tags":[2820,264,167,5580],"class_list":["post-13430","post","type-post","status-publish","format-standard","has-post-thumbnail","hentry","category-politica","tag-gobernacion","tag-intendentes","tag-kicillof","tag-reunioin"],"_links":{"self":[{"href":"https:\/\/www.visionweb.com.ar\/index.php?rest_route=\/wp\/v2\/posts\/13430","targetHints":{"allow":["GET"]}}],"collection":[{"href":"https:\/\/www.visionweb.com.ar\/index.php?rest_route=\/wp\/v2\/posts"}],"about":[{"href":"https:\/\/www.visionweb.com.ar\/index.php?rest_route=\/wp\/v2\/types\/post"}],"author":[{"embeddable":true,"href":"https:\/\/www.visionweb.com.ar\/index.php?rest_route=\/wp\/v2\/users\/3"}],"replies":[{"embeddable":true,"href":"https:\/\/www.visionweb.com.ar\/index.php?rest_route=%2Fwp%2Fv2%2Fcomments&post=13430"}],"version-history":[{"count":1,"href":"https:\/\/www.visionweb.com.ar\/index.php?rest_route=\/wp\/v2\/posts\/13430\/revisions"}],"predecessor-version":[{"id":13432,"href":"https:\/\/www.visionweb.com.ar\/index.php?rest_route=\/wp\/v2\/posts\/13430\/revisions\/13432"}],"wp:featuredmedia":[{"embeddable":true,"href":"https:\/\/www.visionweb.com.ar\/index.php?rest_route=\/wp\/v2\/media\/13431"}],"wp:attachment":[{"href":"https:\/\/www.visionweb.com.ar\/index.php?rest_route=%2Fwp%2Fv2%2Fmedia&parent=13430"}],"wp:term":[{"taxonomy":"category","embeddable":true,"href":"https:\/\/www.visionweb.com.ar\/index.php?rest_route=%2Fwp%2Fv2%2Fcategories&post=13430"},{"taxonomy":"post_tag","embeddable":true,"href":"https:\/\/www.visionweb.com.ar\/index.php?rest_route=%2Fwp%2Fv2%2Ftags&post=13430"}],"curies":[{"name":"wp","href":"https:\/\/api.w.org\/{rel}","templated":true}]}}