{"id":13426,"date":"2024-01-25T18:09:50","date_gmt":"2024-01-25T21:09:50","guid":{"rendered":"https:\/\/www.visionweb.com.ar\/?p=13426"},"modified":"2024-01-25T18:09:50","modified_gmt":"2024-01-25T21:09:50","slug":"homenajes-en-todo-el-pais-en-el-27-aniversario-de-jose-luis-cabezas","status":"publish","type":"post","link":"https:\/\/www.visionweb.com.ar\/?p=13426","title":{"rendered":"Homenajes en todo el pa\u00eds en el 27 aniversario de Jos\u00e9 Luis Cabezas"},"content":{"rendered":"<p><em><strong>El fotoperiodista que se anim\u00f3 a exponer a Alfredo Yabr\u00e1n. El horror de la noche en que Jos\u00e9 Luis Cabezas fue muerto de dos disparos en la nuca y luego prendido fuego en su autom\u00f3vil por una banda de ladrones, luego llamada \u201cLos Horneros\u201d. \u00a0La fiesta de Andreani. La zona que liber\u00f3 la polic\u00eda. El dolor de la familia.<\/strong><\/em><!--more--><\/p>\n<p><img loading=\"lazy\" decoding=\"async\" class=\"size-medium wp-image-13427 alignright\" src=\"https:\/\/www.visionweb.com.ar\/wp-content\/uploads\/2024\/01\/Aniversario-Cabezas-300x211.png\" alt=\"\" width=\"300\" height=\"211\" srcset=\"https:\/\/www.visionweb.com.ar\/wp-content\/uploads\/2024\/01\/Aniversario-Cabezas-300x211.png 300w, https:\/\/www.visionweb.com.ar\/wp-content\/uploads\/2024\/01\/Aniversario-Cabezas.png 427w\" sizes=\"auto, (max-width: 300px) 100vw, 300px\" \/> \u00a0<strong>S<\/strong>e cumplen este jueves 27 a\u00f1os del crimen del reportero gr\u00e1fico<strong>\u00a0Jos\u00e9 Luis Cabezas<\/strong>, sus familiares y colegas hicieron distintos homenajes para recordarlo, uno de ellos en la cava de\u00a0<strong>General Madariaga, <\/strong>donde se hall\u00f3 su cuerpo calcinado el 25 de enero de 1997.<\/p>\n<p>El<strong>\u00a0<\/strong>primer acto se realiz\u00f3 a las 11 en el Monolito colocado en su memoria frente a la Terminal de \u00f3mnibus de Pinamar.<\/p>\n<p>En simult\u00e1neo, se realiz\u00f3 otro recordatorio en la sede de la<strong>\u00a0Asociaci\u00f3n de Reporteros Gr\u00e1ficos de la Rep\u00fablica Argentina<\/strong>\u00a0(Argra), situada en Venezuela 1433.<\/p>\n<p>La misma iniciativa se desarroll\u00f3 en la plaza San Mart\u00edn, de la ciudad de La Plata, convocada por el Sindicato de Prensa Bonaerense (Siprebo).<\/p>\n<p>En tanto<strong>\u00a0a las 19, sus familiares y allegados se re\u00fanen para homenajearlo con un acto en la cava de General Madariaga<\/strong>, ubicada a la altura del kil\u00f3metro 385 de la ruta provincial 11, donde fue hallado asesinado hace 27 a\u00f1os.<\/p>\n<p>Su <strong>hermana Gladys Cabezas, dijo que <\/strong>\u00abComo hace 27 a\u00f1os vamos a plantar un \u00e1rbol\u00bb, en su memoria, cont\u00f3 la hermana del fotoperiodista, quien volvi\u00f3 a recordarlo como \u00abun tipo bueno\u00bb que \u00abpod\u00eda hacer todo bien\u00bb.<\/p>\n<p>\u00abTenemos que recordarlo y creo que es el momento justo para pedir a la Justicia, que <strong>por favor empiecen a trabajar<\/strong>\u00ab, exhort\u00f3 Gladys, quien pidi\u00f3 que se termine con \u00ablas condenas &#8216;expr\u00e9s&#8217;\u201d<br \/>\nPor \u00faltimo,<strong>\u00a0Gladys pidi\u00f3 que no \u00abhaya m\u00e1s Jos\u00e9 Luis Cabezas\u00bb<\/strong>.<\/p>\n<p><strong>Un crimen que cambi\u00f3 la historia<\/strong><\/p>\n<p>Cabezas fue hallado asesinado el 25 de enero de 1997 y el primer juicio por asesinato se realiz\u00f3 en enero de 2000 en los<strong>\u00a0Tribunales de Dolores<\/strong>\u00a0y finaliz\u00f3 con las condenas a prisi\u00f3n perpetua del polic\u00eda\u00a0<strong>Gustavo Prellezo<\/strong>, del custodio del empresario<strong>\u00a0Alfredo Yabr\u00e1n<\/strong>,<strong>\u00a0Gustavo R\u00edos<\/strong>; de los polic\u00edas<strong>\u00a0An\u00edbal Luna<\/strong>\u00a0y\u00a0<strong>Sergio Camaratta<\/strong>\u00a0y de los integrantes de la banda<strong>\u00a0\u00abLos Horneros\u00bb<\/strong>\u00a0<strong>Horacio Anselmo Braga<\/strong>,\u00a0<strong>Sergio Gustavo Gonz\u00e1lez<\/strong>,\u00a0<strong>Miguel Retana\u00a0<\/strong>y\u00a0<strong>Jos\u00e9 Luis Auge<\/strong>.<\/p>\n<p>Pero en septiembre de 2003, el Tribunal de Casaci\u00f3n bonaerense redujo las penas impuestas en base a la denominada la ley del \u00ab2&#215;1\u00bb entonces vigente, que computaba doble el tiempo en prisi\u00f3n que hab\u00edan pasado los acusados previo a ser sentenciados.<\/p>\n<p>Fue as\u00ed que<strong>\u00a0los \u00abHorneros\u00bb, con excepci\u00f3n de Retana que muri\u00f3 en la c\u00e1rcel, fueron beneficiados con morigeraciones de la prisi\u00f3n<\/strong>.<\/p>\n<p>En 2007, Braga y Auge violaron las condiciones de prisi\u00f3n domiciliaria y por orden de la Justicia volvieron a ser detenidos, aunque tiempo despu\u00e9s volvieron a ser excarcelados.<\/p>\n<p>A su vez, en un segundo juicio por el caso, realizado en 2002, fue<strong>\u00a0condenado a reclusi\u00f3n perpetua el comisario de Pinamar Alberto \u00abLa Liebre\u00bb G\u00f3mez<\/strong>\u00a0por liberar la zona para que se pueda consumar el crimen del reportero gr\u00e1fico. (Con informaci\u00f3n de T\u00e9lam) <strong>(VW)<\/strong><\/p>\n","protected":false},"excerpt":{"rendered":"<p>El fotoperiodista que se anim\u00f3 a exponer a Alfredo Yabr\u00e1n. El horror de la noche en que Jos\u00e9 Luis Cabezas fue muerto de dos disparos en la nuca y luego prendido fuego en su&#46;&#46;&#46;<\/p>\n","protected":false},"author":4,"featured_media":13427,"comment_status":"closed","ping_status":"closed","sticky":false,"template":"","format":"standard","meta":{"_monsterinsights_skip_tracking":false,"_monsterinsights_sitenote_active":false,"_monsterinsights_sitenote_note":"","_monsterinsights_sitenote_category":0,"footnotes":""},"categories":[8],"tags":[5579,5578,5577],"class_list":["post-13426","post","type-post","status-publish","format-standard","has-post-thumbnail","hentry","category-interes-general","tag-27-aniversario","tag-homenajes","tag-jose-luis-cabezas"],"_links":{"self":[{"href":"https:\/\/www.visionweb.com.ar\/index.php?rest_route=\/wp\/v2\/posts\/13426","targetHints":{"allow":["GET"]}}],"collection":[{"href":"https:\/\/www.visionweb.com.ar\/index.php?rest_route=\/wp\/v2\/posts"}],"about":[{"href":"https:\/\/www.visionweb.com.ar\/index.php?rest_route=\/wp\/v2\/types\/post"}],"author":[{"embeddable":true,"href":"https:\/\/www.visionweb.com.ar\/index.php?rest_route=\/wp\/v2\/users\/4"}],"replies":[{"embeddable":true,"href":"https:\/\/www.visionweb.com.ar\/index.php?rest_route=%2Fwp%2Fv2%2Fcomments&post=13426"}],"version-history":[{"count":1,"href":"https:\/\/www.visionweb.com.ar\/index.php?rest_route=\/wp\/v2\/posts\/13426\/revisions"}],"predecessor-version":[{"id":13428,"href":"https:\/\/www.visionweb.com.ar\/index.php?rest_route=\/wp\/v2\/posts\/13426\/revisions\/13428"}],"wp:featuredmedia":[{"embeddable":true,"href":"https:\/\/www.visionweb.com.ar\/index.php?rest_route=\/wp\/v2\/media\/13427"}],"wp:attachment":[{"href":"https:\/\/www.visionweb.com.ar\/index.php?rest_route=%2Fwp%2Fv2%2Fmedia&parent=13426"}],"wp:term":[{"taxonomy":"category","embeddable":true,"href":"https:\/\/www.visionweb.com.ar\/index.php?rest_route=%2Fwp%2Fv2%2Fcategories&post=13426"},{"taxonomy":"post_tag","embeddable":true,"href":"https:\/\/www.visionweb.com.ar\/index.php?rest_route=%2Fwp%2Fv2%2Ftags&post=13426"}],"curies":[{"name":"wp","href":"https:\/\/api.w.org\/{rel}","templated":true}]}}