{"id":13414,"date":"2024-01-25T09:05:09","date_gmt":"2024-01-25T12:05:09","guid":{"rendered":"https:\/\/www.visionweb.com.ar\/?p=13414"},"modified":"2024-01-25T09:05:09","modified_gmt":"2024-01-25T12:05:09","slug":"tren-roca-desde-hoy-el-servicio-se-vera-reducido","status":"publish","type":"post","link":"https:\/\/www.visionweb.com.ar\/?p=13414","title":{"rendered":"Tren Roca: Desde hoy el servicio se ver\u00e1 reducido"},"content":{"rendered":"<p><em><strong>Ser\u00e1 para tareas de mantenimiento. Cancelan 150 formaciones, pero no en horas pico. A\u00fan la Empresa no dio precisiones hasta cu\u00e1ndo.<\/strong><\/em><!--more--><\/p>\n<p><img loading=\"lazy\" decoding=\"async\" class=\"size-medium wp-image-6520 alignright\" src=\"https:\/\/www.visionweb.com.ar\/wp-content\/uploads\/2022\/07\/trenes-estacion-277x300.jpg\" alt=\"\" width=\"277\" height=\"300\" srcset=\"https:\/\/www.visionweb.com.ar\/wp-content\/uploads\/2022\/07\/trenes-estacion-277x300.jpg 277w, https:\/\/www.visionweb.com.ar\/wp-content\/uploads\/2022\/07\/trenes-estacion.jpg 500w\" sizes=\"auto, (max-width: 277px) 100vw, 277px\" \/>\u00a0 <strong>T<\/strong>renes Argentinos dispuso<strong> una reducci\u00f3n significativa en el servicio del tren Roca al eliminar 150 servicios en los ramales el\u00e9ctricos<\/strong>, por lo cual, se ver\u00e1 afectar\u00e1 la frecuencia de la l\u00ednea en todos sus ramales del conurbano sur.<\/p>\n<p>La\u00a0<strong>reducci\u00f3n del servicio del tren Roca ser\u00e1 a partir de este jueves 25 de enero<\/strong>\u00a0y se suma tambi\u00e9n a las que ya tuvieron l\u00edneas Mitre y Sarmiento.<\/p>\n<p>En el caso de la l\u00ednea Roca,\u00a0<strong>ser\u00e1n 150 servicios diarios que quedar\u00e1n cancelados por completo<\/strong>, aunque aseguraron que la frecuencia\u00a0<strong>no ser\u00e1 afectada en horario pico\u00a0<\/strong>para procurar que la menor cantidad de usuarios se vean perjudicados.<\/p>\n<p>En los cinco ramales del tren Roca,\u00a0<strong>se prestan 800 servicios diarios<\/strong> y se calcula que, de cada uno de ellos, habr\u00e1 una\u00a0<strong>reducci\u00f3n de 10 servicios al d\u00eda<\/strong>.<\/p>\n<p>Los nuevos horarios pueden confirmarse los nuevos horarios\u00a0<a href=\"https:\/\/www.argentina.gob.ar\/transporte\/trenes-argentinos\/horarios-tarifas-y-recorridos\/areametropolitana\/linearoca\">en el sitio de Trenes Argentinos<\/a>\u00a0con las alteraciones sufridas.<\/p>\n<p>Los motivos indicados por Trenes Argentino tienen que ver con\u00a0<strong>\u201crazones de estacionalidad y racionalizaci\u00f3n de material rodante\u201d,\u00a0<\/strong>para llevar a cabo un mantenimiento adecuado de vagones y maquinarias.<\/p>\n<p>En ese sentido, se indic\u00f3 que\u00a0<strong>se retiraron seis trenes de los 46 que hay en servicio<\/strong>, para realizarle inspecci\u00f3n y mantenimiento urgente por diversas causas.<\/p>\n<p>Las mismas razones que fueron dadas cuando anunciaron la reducci\u00f3n de la l\u00ednea Mitre y Sarmiento.<\/p>\n<p>La l\u00ednea\u00a0<strong>Sarmiento opera con servicio reducido entre Once y Moreno\u00a0<\/strong>desde el 8 de enero y esta medida implica la eliminaci\u00f3n de 25 servicios diarios de lunes a lunes.<\/p>\n<p>En cuanto a la l\u00ednea\u00a0<strong>Mitre<\/strong>, desde el lunes 15 de enero circula con servicio limitado, por lo que\u00a0cuenta tan solo con 32 trenes diarios de lunes a viernes y 28 los s\u00e1bados, domingos y feriados.<strong> (VW)<\/strong><\/p>\n","protected":false},"excerpt":{"rendered":"<p>Ser\u00e1 para tareas de mantenimiento. Cancelan 150 formaciones, pero no en horas pico. A\u00fan la Empresa no dio precisiones hasta cu\u00e1ndo.<\/p>\n","protected":false},"author":4,"featured_media":6520,"comment_status":"closed","ping_status":"closed","sticky":false,"template":"","format":"standard","meta":{"_monsterinsights_skip_tracking":false,"_monsterinsights_sitenote_active":false,"_monsterinsights_sitenote_note":"","_monsterinsights_sitenote_category":0,"footnotes":""},"categories":[8],"tags":[5572,5454,1739],"class_list":["post-13414","post","type-post","status-publish","format-standard","has-post-thumbnail","hentry","category-interes-general","tag-linea-roca","tag-reduccion-de-frecuencias","tag-trenes-argentinos"],"_links":{"self":[{"href":"https:\/\/www.visionweb.com.ar\/index.php?rest_route=\/wp\/v2\/posts\/13414","targetHints":{"allow":["GET"]}}],"collection":[{"href":"https:\/\/www.visionweb.com.ar\/index.php?rest_route=\/wp\/v2\/posts"}],"about":[{"href":"https:\/\/www.visionweb.com.ar\/index.php?rest_route=\/wp\/v2\/types\/post"}],"author":[{"embeddable":true,"href":"https:\/\/www.visionweb.com.ar\/index.php?rest_route=\/wp\/v2\/users\/4"}],"replies":[{"embeddable":true,"href":"https:\/\/www.visionweb.com.ar\/index.php?rest_route=%2Fwp%2Fv2%2Fcomments&post=13414"}],"version-history":[{"count":1,"href":"https:\/\/www.visionweb.com.ar\/index.php?rest_route=\/wp\/v2\/posts\/13414\/revisions"}],"predecessor-version":[{"id":13415,"href":"https:\/\/www.visionweb.com.ar\/index.php?rest_route=\/wp\/v2\/posts\/13414\/revisions\/13415"}],"wp:featuredmedia":[{"embeddable":true,"href":"https:\/\/www.visionweb.com.ar\/index.php?rest_route=\/wp\/v2\/media\/6520"}],"wp:attachment":[{"href":"https:\/\/www.visionweb.com.ar\/index.php?rest_route=%2Fwp%2Fv2%2Fmedia&parent=13414"}],"wp:term":[{"taxonomy":"category","embeddable":true,"href":"https:\/\/www.visionweb.com.ar\/index.php?rest_route=%2Fwp%2Fv2%2Fcategories&post=13414"},{"taxonomy":"post_tag","embeddable":true,"href":"https:\/\/www.visionweb.com.ar\/index.php?rest_route=%2Fwp%2Fv2%2Ftags&post=13414"}],"curies":[{"name":"wp","href":"https:\/\/api.w.org\/{rel}","templated":true}]}}