{"id":13408,"date":"2024-01-24T09:09:22","date_gmt":"2024-01-24T12:09:22","guid":{"rendered":"https:\/\/www.visionweb.com.ar\/?p=13408"},"modified":"2024-01-24T09:09:22","modified_gmt":"2024-01-24T12:09:22","slug":"diputados-el-oficialismo-consiguio-dictamen-de-mayoria-para-la-ley-omnibus","status":"publish","type":"post","link":"https:\/\/www.visionweb.com.ar\/?p=13408","title":{"rendered":"Diputados: El oficialismo consigui\u00f3 dictamen de mayor\u00eda para la ley \u00f3mnibus"},"content":{"rendered":"<p><em><strong>Se tratar\u00e1 el pr\u00f3ximo jueves en el recinto<\/strong><strong>. Obtuvieron 55 firmas y 34 en disidencia.<\/strong><\/em><!--more--><\/p>\n<p><strong><img loading=\"lazy\" decoding=\"async\" class=\"size-medium wp-image-13409 alignright\" src=\"https:\/\/www.visionweb.com.ar\/wp-content\/uploads\/2024\/01\/Dip-ley-omnibus-300x176.png\" alt=\"\" width=\"300\" height=\"176\" srcset=\"https:\/\/www.visionweb.com.ar\/wp-content\/uploads\/2024\/01\/Dip-ley-omnibus-300x176.png 300w, https:\/\/www.visionweb.com.ar\/wp-content\/uploads\/2024\/01\/Dip-ley-omnibus.png 552w\" sizes=\"auto, (max-width: 300px) 100vw, 300px\" \/>\u00a0\u00a0 E<\/strong>l oficialismo de la C\u00e1mara de Diputados logr\u00f3 en la madrugada de hoy emitir un <strong>dictamen favorable al proyecto de ley \u00f3mnibus<\/strong>, de esta manera qued\u00f3 habilitada para ser debatida en una sesi\u00f3n marat\u00f3nica que se realizar\u00e1 entre jueves y viernes pr\u00f3ximos.<\/p>\n<p>El oficialismo necesitaba tener mayor\u00eda en cada una de las tres comisiones que totalizan 115 miembros, con lo cual necesitaban que 57 diputados firmen algunos de los dict\u00e1menes, que finalmente consigui\u00f3.<\/p>\n<p>El despacho se trataba en una tensa reuni\u00f3n plenaria de las comisiones de Legislaci\u00f3n General, Asuntos Constitucionales, y Presupuesto y Hacienda, conducida por los libertarios Guillermo Bornoroni y Nicol\u00e1s Mayoraz, y Jos\u00e9 Luis Espert de Avanza La Libertad.<\/p>\n<p>Bornoroni inform\u00f3 que\u00a0<strong>el dictamen de mayor\u00eda cosech\u00f3 unas 55 firmas de la Libertad Avanza, del Pro, de la UCR, Hacemos Coalici\u00f3n Federal, pero los bloques dialoguistas lo hicieron con disidencia parcial.<\/strong><\/p>\n<p>Por su parte, la bancada de\u00a0<strong>Uni\u00f3n por la Patria<\/strong>\u00a0present\u00f3 un dictamen de minor\u00eda con <strong>45 firmas en rechazo el proyecto oficial<\/strong>.<\/p>\n<p>Los legisladores de la <strong>Coalici\u00f3n C\u00edvica, del socialismo y del Gen<\/strong>, que integran\u00a0<strong>Hacemos<\/strong>, presentaron dict\u00e1menes de minor\u00eda al <strong>rechazar<\/strong> los acuerdos con la Libertad Avanza.<\/p>\n<p>La\u00a0<strong>izquierda\u00a0<\/strong>tambi\u00e9n present\u00f3 su propio despacho contra la iniciativa.<\/p>\n<p><strong>C\u00f3mo sigue<\/strong>: Tras la firma del dictamen, el oficialismo pedir\u00e1 una sesi\u00f3n especial para debatir desde el jueves el proyecto de ley.<\/p>\n<p>Se espera que sea marat\u00f3nica, comenzar\u00eda el jueves como est\u00e1 previsto, pero se extender\u00eda hasta el viernes. <strong>(VW)<\/strong><\/p>\n","protected":false},"excerpt":{"rendered":"<p>Se tratar\u00e1 el pr\u00f3ximo jueves en el recinto. Obtuvieron 55 firmas y 34 en disidencia.<\/p>\n","protected":false},"author":4,"featured_media":13409,"comment_status":"closed","ping_status":"closed","sticky":false,"template":"","format":"standard","meta":{"_monsterinsights_skip_tracking":false,"_monsterinsights_sitenote_active":false,"_monsterinsights_sitenote_note":"","_monsterinsights_sitenote_category":0,"footnotes":""},"categories":[4],"tags":[5571,143,5403],"class_list":["post-13408","post","type-post","status-publish","format-standard","has-post-thumbnail","hentry","category-politica","tag-dictamen-de-mayoria","tag-diputados","tag-ley-omnibus"],"_links":{"self":[{"href":"https:\/\/www.visionweb.com.ar\/index.php?rest_route=\/wp\/v2\/posts\/13408","targetHints":{"allow":["GET"]}}],"collection":[{"href":"https:\/\/www.visionweb.com.ar\/index.php?rest_route=\/wp\/v2\/posts"}],"about":[{"href":"https:\/\/www.visionweb.com.ar\/index.php?rest_route=\/wp\/v2\/types\/post"}],"author":[{"embeddable":true,"href":"https:\/\/www.visionweb.com.ar\/index.php?rest_route=\/wp\/v2\/users\/4"}],"replies":[{"embeddable":true,"href":"https:\/\/www.visionweb.com.ar\/index.php?rest_route=%2Fwp%2Fv2%2Fcomments&post=13408"}],"version-history":[{"count":1,"href":"https:\/\/www.visionweb.com.ar\/index.php?rest_route=\/wp\/v2\/posts\/13408\/revisions"}],"predecessor-version":[{"id":13410,"href":"https:\/\/www.visionweb.com.ar\/index.php?rest_route=\/wp\/v2\/posts\/13408\/revisions\/13410"}],"wp:featuredmedia":[{"embeddable":true,"href":"https:\/\/www.visionweb.com.ar\/index.php?rest_route=\/wp\/v2\/media\/13409"}],"wp:attachment":[{"href":"https:\/\/www.visionweb.com.ar\/index.php?rest_route=%2Fwp%2Fv2%2Fmedia&parent=13408"}],"wp:term":[{"taxonomy":"category","embeddable":true,"href":"https:\/\/www.visionweb.com.ar\/index.php?rest_route=%2Fwp%2Fv2%2Fcategories&post=13408"},{"taxonomy":"post_tag","embeddable":true,"href":"https:\/\/www.visionweb.com.ar\/index.php?rest_route=%2Fwp%2Fv2%2Ftags&post=13408"}],"curies":[{"name":"wp","href":"https:\/\/api.w.org\/{rel}","templated":true}]}}