{"id":13402,"date":"2024-01-24T07:51:05","date_gmt":"2024-01-24T10:51:05","guid":{"rendered":"https:\/\/www.visionweb.com.ar\/?p=13402"},"modified":"2024-01-24T07:51:05","modified_gmt":"2024-01-24T10:51:05","slug":"por-falta-de-pagos-femeba-dejara-de-atender-a-los-afiliados-de-ioma","status":"publish","type":"post","link":"https:\/\/www.visionweb.com.ar\/?p=13402","title":{"rendered":"Por falta de pagos, FEMEBA dejar\u00e1 de atender a los afiliados de IOMA"},"content":{"rendered":"<p><strong><em>El conflicto entre FEMEBA y IOMA sigue tensionado y, por la falta de pago de varios meses del 2023, decidieron cortar las prestaciones en cinco municipios.<\/em><\/strong><!--more--><\/p>\n<p><strong><img loading=\"lazy\" decoding=\"async\" class=\"size-medium wp-image-11078 alignright\" src=\"https:\/\/www.visionweb.com.ar\/wp-content\/uploads\/2023\/06\/ioma-2-300x194.png\" alt=\"\" width=\"300\" height=\"194\" srcset=\"https:\/\/www.visionweb.com.ar\/wp-content\/uploads\/2023\/06\/ioma-2-300x194.png 300w, https:\/\/www.visionweb.com.ar\/wp-content\/uploads\/2023\/06\/ioma-2.png 325w\" sizes=\"auto, (max-width: 300px) 100vw, 300px\" \/>E<\/strong>l conflicto entre la Federaci\u00f3n M\u00e9dica de la provincia de Buenos Aires (FEMEBA) y el Instituto de Obra M\u00e9dico Asistencial( IOMA) sigue tensionado y, tras varias acusaciones cruzadas, ahora la Federaci\u00f3n que nuclea a los M\u00e9dicos bonaerenses decidi\u00f3 cortar las prestaciones a los afiliados de cinco municipios de la Provincia.<\/p>\n<p>Este conflicto comenz\u00f3 hace varios meses y pareciera ser una historia sin fin. A principios de este a\u00f1o, FEMEBA volvi\u00f3 a reclamar deudas millonarias al IOMA y aseguraron que las mismas ascienden a m\u00e1s de 2.600 millones de pesos. IOMA no se cay\u00f3 nada y, mediante un comunicado, denunciaron una grave irregularidad en la Federaci\u00f3n, al mismo tiempo que desmintieron las acusaciones.<\/p>\n<section class=\"detail-note_news-article\" data-td-script-src=\"https:\/\/infocielo.com\/js-custom\/vendor\/jquery\/dist\/jquery.min-min-version-1706069201.js,https:\/\/infocielo.com\/js-custom\/299\/functions\/checkTwitterQuoteHighlight-min-version-1706069201.js,https:\/\/infocielo.com\/js-custom\/299\/functions\/embedsVideosOnBody-min-version-1706069201.js\">\n<div class=\"detail-note_body\" data-twitter-link=\"https:\/\/twitter.com\/intent\/tweet?url=https%3A%2F%2Finfocielo.com%2Fc779459&amp;related=infocielo&amp;text=Por+falta+de+pagos%2C+FEMEBA+dejar%C3%A1+de+atender+a+los+afiliados+de+IOMA&amp;via=infocielo\">\n<p>T<strong>ras varios meses de falta de pago de las prestaciones<\/strong>, que seg\u00fan comunicaron desde FEMEBA ser\u00edan de los meses de agosto, septiembre, octubre y noviembre,\u00a0<span id=\"saysCMSEmphasisq5sj03gyu8\" class=\"saysCMSEmphasis\">37 de sus Entidades Primarias resolvieron cortar las prestaciones a los afiliados de La Plata, Ensenada, Mar del Plata, San Pedro y Tandil<\/span>.<\/p>\n<p>Las \u00e1reas afectadas por esta medida son pertenecientes a la <strong>Circunscripci\u00f3n I\u00a0<\/strong>(Berisso, San Vicente, Magdalena, Brandsen, Ver\u00f3nica y Presidente Per\u00f3n),\u00a0<strong>VIII\u00a0<\/strong>(Azul, Bol\u00edvar, General Alvear, General Belgrano, Ju\u00e1rez, Las Flores, Lobos, Monte, Olavarr\u00eda, Roque P\u00e9rez, Saladillo, Tapalqu\u00e9, Laprida, Rauch, General Paz y Tandil) y\u00a0<strong>IX\u00a0<\/strong>(Ayacucho, Chascom\u00fas, Dolores, General Alvarado, Madariaga, Lober\u00eda, Mar Chiquita, Maip\u00fa, Necochea, La Costa y General Lavalle, Castelli, San Cayetano, Villa Gesell, Pinamar y General Guido).<\/p>\n<p>Esta situaci\u00f3n no solo involucra a la Federaci\u00f3n y la obra social sino que tambi\u00e9n perjudic\u00f3 a profesionales de la salud, los\u00a0kinesi\u00f3logos bonaerenses reclamaron el pago urgente a IOMA\u00a0. Hace poco m\u00e1s de dos semanas, y manifestaron su preocupaci\u00f3n, porque a las demoras en los pagos se suma otra situaci\u00f3n que perjudica el desempe\u00f1o de los profesionales: la adecuaci\u00f3n de los honorarios que van \u201c<span id=\"saysCMSEmphasis06zh4w6pyhau\" class=\"saysCMSEmphasis\">muy por detr\u00e1s de la inflaci\u00f3n descontrolada que se registra en los \u00faltimos meses<\/span>\u201d.<\/p>\n<p>IOMA arrastra varios conflictos en lo que va del a\u00f1o. Tambi\u00e9n hubo inconvenientes que derivaron en actos de violencia en Mar del Plata. Es que, durante la semana pasada, tres cl\u00ednicas privadas de la ciudad dieron de baja el convenio que las un\u00eda con el IOMA <strong>(VW)<\/strong><\/p>\n<\/div>\n<\/section>\n<section class=\"detail-note_news-article\" data-td-script-src=\"https:\/\/infocielo.com\/js-custom\/vendor\/jquery\/dist\/jquery.min-min-version-1706069201.js,https:\/\/infocielo.com\/js-custom\/299\/functions\/checkTwitterQuoteHighlight-min-version-1706069201.js,https:\/\/infocielo.com\/js-custom\/299\/functions\/embedsVideosOnBody-min-version-1706069201.js\">\n<div class=\"detail-note_body\" data-twitter-link=\"https:\/\/twitter.com\/intent\/tweet?url=https%3A%2F%2Finfocielo.com%2Fc779459&amp;related=infocielo&amp;text=Por+falta+de+pagos%2C+FEMEBA+dejar%C3%A1+de+atender+a+los+afiliados+de+IOMA&amp;via=infocielo\">\n<p>&nbsp;<\/p>\n<\/div>\n<\/section>\n","protected":false},"excerpt":{"rendered":"<p>El conflicto entre FEMEBA y IOMA sigue tensionado y, por la falta de pago de varios meses del 2023, decidieron cortar las prestaciones en cinco municipios.<\/p>\n","protected":false},"author":3,"featured_media":11078,"comment_status":"closed","ping_status":"closed","sticky":false,"template":"","format":"standard","meta":{"_monsterinsights_skip_tracking":false,"_monsterinsights_sitenote_active":false,"_monsterinsights_sitenote_note":"","_monsterinsights_sitenote_category":0,"footnotes":""},"categories":[8],"tags":[3569,4605,127,677,670,66],"class_list":["post-13402","post","type-post","status-publish","format-standard","has-post-thumbnail","hentry","category-interes-general","tag-atencion","tag-femeba","tag-ioma","tag-medicos","tag-pagos","tag-suspension"],"_links":{"self":[{"href":"https:\/\/www.visionweb.com.ar\/index.php?rest_route=\/wp\/v2\/posts\/13402","targetHints":{"allow":["GET"]}}],"collection":[{"href":"https:\/\/www.visionweb.com.ar\/index.php?rest_route=\/wp\/v2\/posts"}],"about":[{"href":"https:\/\/www.visionweb.com.ar\/index.php?rest_route=\/wp\/v2\/types\/post"}],"author":[{"embeddable":true,"href":"https:\/\/www.visionweb.com.ar\/index.php?rest_route=\/wp\/v2\/users\/3"}],"replies":[{"embeddable":true,"href":"https:\/\/www.visionweb.com.ar\/index.php?rest_route=%2Fwp%2Fv2%2Fcomments&post=13402"}],"version-history":[{"count":1,"href":"https:\/\/www.visionweb.com.ar\/index.php?rest_route=\/wp\/v2\/posts\/13402\/revisions"}],"predecessor-version":[{"id":13403,"href":"https:\/\/www.visionweb.com.ar\/index.php?rest_route=\/wp\/v2\/posts\/13402\/revisions\/13403"}],"wp:featuredmedia":[{"embeddable":true,"href":"https:\/\/www.visionweb.com.ar\/index.php?rest_route=\/wp\/v2\/media\/11078"}],"wp:attachment":[{"href":"https:\/\/www.visionweb.com.ar\/index.php?rest_route=%2Fwp%2Fv2%2Fmedia&parent=13402"}],"wp:term":[{"taxonomy":"category","embeddable":true,"href":"https:\/\/www.visionweb.com.ar\/index.php?rest_route=%2Fwp%2Fv2%2Fcategories&post=13402"},{"taxonomy":"post_tag","embeddable":true,"href":"https:\/\/www.visionweb.com.ar\/index.php?rest_route=%2Fwp%2Fv2%2Ftags&post=13402"}],"curies":[{"name":"wp","href":"https:\/\/api.w.org\/{rel}","templated":true}]}}