{"id":13400,"date":"2024-01-23T15:57:37","date_gmt":"2024-01-23T18:57:37","guid":{"rendered":"https:\/\/www.visionweb.com.ar\/?p=13400"},"modified":"2024-01-23T15:57:37","modified_gmt":"2024-01-23T18:57:37","slug":"gray-presento-un-recurso-de-amparo-para-frenar-los-aumentos-en-los-pasajes-de-amba","status":"publish","type":"post","link":"https:\/\/www.visionweb.com.ar\/?p=13400","title":{"rendered":"Gray present\u00f3 un recurso de amparo para frenar los aumentos en los pasajes de AMBA"},"content":{"rendered":"<p><em><strong>Con la presentaci\u00f3n en los tribunales federales, Gray busca anular la audiencia\u00a0 que v\u00eda web convoc\u00f3 la Secretar\u00eda de Transporte el viernes pasado.<\/strong><\/em><!--more--><\/p>\n<p><strong><img loading=\"lazy\" decoding=\"async\" class=\"size-medium wp-image-6520 alignright\" src=\"https:\/\/www.visionweb.com.ar\/wp-content\/uploads\/2022\/07\/trenes-estacion-277x300.jpg\" alt=\"\" width=\"277\" height=\"300\" srcset=\"https:\/\/www.visionweb.com.ar\/wp-content\/uploads\/2022\/07\/trenes-estacion-277x300.jpg 277w, https:\/\/www.visionweb.com.ar\/wp-content\/uploads\/2022\/07\/trenes-estacion.jpg 500w\" sizes=\"auto, (max-width: 277px) 100vw, 277px\" \/>E<\/strong>l intendente de Esteban Echeverr\u00eda, Fern\u00e1ndo\u00a0 Gray present\u00f3 un recurso de amparo en los tribunales federales de lomas de Zamora para frenar los aumentos anunciados por el gobierno nacional en los pasajes de trenes y colectivos que cubren los servicios de transporte de pasajeros en la zona AMBA.<\/p>\n<p>La presentaci\u00f3n del Intendente Gray, busca anular la audiencia p\u00fablica realizada por la Secretar\u00eda de Transporte, que depende del Ministerio de Infraestructura de la Naci\u00f3n, con el fin de tratar los aumentos en el cuadro tarifario de trenes y colectivos.<\/p>\n<p>La Resoluci\u00f3n 1\/2024 de la Secretar\u00eda de Transporte, publicada el viernes pasado, estableci\u00f3 un plazo de tres d\u00edas h\u00e1biles administrativos para que las personas interesadas presenten sus opiniones y propuestas a trav\u00e9s del sitio web del organismo.<\/p>\n<p>\u201cEs ins\u00f3lito que hayan convertido la audiencia p\u00fablica del aumento de transporte en un formulario web en el que realiz\u00e1s un comentario de hasta 5.000 caracteres y finaliza la participaci\u00f3n. De esta manera, anulan cualquier instancia de intercambio y debate\u201d, dijo Gray.<\/p>\n<p>El esquema tarifario aumento el costo de los boletos de colectivos en un 251% y de trenes del 169% al 247%, seg\u00fan la l\u00ednea.<\/p>\n<p>As\u00ed, el costo de los pasajes parte desde $270 para el colectivo y $130 para el tren. Regir\u00e1 desde febrero para el AMBA<strong>(VW)<\/strong>.<\/p>\n<p>&nbsp;<\/p>\n","protected":false},"excerpt":{"rendered":"<p>Con la presentaci\u00f3n en los tribunales federales, Gray busca anular la audiencia\u00a0 que v\u00eda web convoc\u00f3 la Secretar\u00eda de Transporte el viernes pasado.<\/p>\n","protected":false},"author":3,"featured_media":4182,"comment_status":"closed","ping_status":"closed","sticky":false,"template":"","format":"standard","meta":{"_monsterinsights_skip_tracking":false,"_monsterinsights_sitenote_active":false,"_monsterinsights_sitenote_note":"","_monsterinsights_sitenote_category":0,"footnotes":""},"categories":[8],"tags":[58,705,564,1066,90],"class_list":["post-13400","post","type-post","status-publish","format-standard","has-post-thumbnail","hentry","category-interes-general","tag-aumento","tag-colectivos","tag-tarifas","tag-transporte","tag-trenes"],"_links":{"self":[{"href":"https:\/\/www.visionweb.com.ar\/index.php?rest_route=\/wp\/v2\/posts\/13400","targetHints":{"allow":["GET"]}}],"collection":[{"href":"https:\/\/www.visionweb.com.ar\/index.php?rest_route=\/wp\/v2\/posts"}],"about":[{"href":"https:\/\/www.visionweb.com.ar\/index.php?rest_route=\/wp\/v2\/types\/post"}],"author":[{"embeddable":true,"href":"https:\/\/www.visionweb.com.ar\/index.php?rest_route=\/wp\/v2\/users\/3"}],"replies":[{"embeddable":true,"href":"https:\/\/www.visionweb.com.ar\/index.php?rest_route=%2Fwp%2Fv2%2Fcomments&post=13400"}],"version-history":[{"count":1,"href":"https:\/\/www.visionweb.com.ar\/index.php?rest_route=\/wp\/v2\/posts\/13400\/revisions"}],"predecessor-version":[{"id":13401,"href":"https:\/\/www.visionweb.com.ar\/index.php?rest_route=\/wp\/v2\/posts\/13400\/revisions\/13401"}],"wp:featuredmedia":[{"embeddable":true,"href":"https:\/\/www.visionweb.com.ar\/index.php?rest_route=\/wp\/v2\/media\/4182"}],"wp:attachment":[{"href":"https:\/\/www.visionweb.com.ar\/index.php?rest_route=%2Fwp%2Fv2%2Fmedia&parent=13400"}],"wp:term":[{"taxonomy":"category","embeddable":true,"href":"https:\/\/www.visionweb.com.ar\/index.php?rest_route=%2Fwp%2Fv2%2Fcategories&post=13400"},{"taxonomy":"post_tag","embeddable":true,"href":"https:\/\/www.visionweb.com.ar\/index.php?rest_route=%2Fwp%2Fv2%2Ftags&post=13400"}],"curies":[{"name":"wp","href":"https:\/\/api.w.org\/{rel}","templated":true}]}}