{"id":13396,"date":"2024-01-23T13:41:58","date_gmt":"2024-01-23T16:41:58","guid":{"rendered":"https:\/\/www.visionweb.com.ar\/?p=13396"},"modified":"2024-01-23T13:45:30","modified_gmt":"2024-01-23T16:45:30","slug":"paro-general-del-24-como-funcionara-el-transporte-y-los-servicios","status":"publish","type":"post","link":"https:\/\/www.visionweb.com.ar\/?p=13396","title":{"rendered":"Paro general del 24: C\u00f3mo funcionar\u00e1 el transporte y los servicios"},"content":{"rendered":"<p><strong><em>La medida de fuerza arranca a las 12 y habr\u00e1 movilizaci\u00f3n al Congreso. C\u00f3mo impactar\u00e1 la protesta de gremios y trabajadores.<\/em><\/strong><!--more--><\/p>\n<p><strong><img loading=\"lazy\" decoding=\"async\" class=\"size-full wp-image-1480 alignright\" src=\"https:\/\/www.visionweb.com.ar\/wp-content\/uploads\/2021\/04\/paro-uta-transportes.bmp\" alt=\"\" width=\"380\" height=\"276\" \/>\u00a0 \u00a0 E<\/strong>l <strong>paro<\/strong> de ma\u00f1ana <strong>mi\u00e9rcoles 24<\/strong> se realizar\u00e1 en todo el pa\u00eds, con el impulso de la Confederaci\u00f3n General del Trabajo de la Rep\u00fablica Argentina (CGT), con apoyo de varios sindicatos, la oposici\u00f3n pol\u00edtica al Gobierno, y diferentes sectores que se oponen al decreto 70\/2023 y la ley \u00f3mnibus del presidente Javier Milei.<\/p>\n<p>La protesta incluir\u00e1 una movilizaci\u00f3n frente al Congreso y un paro de transporte parcial que alcanzar\u00e1 a colectivos, trenes y subtes entre las 19 y la medianoche.<\/p>\n<p>La medida se resolvi\u00f3 de manera un\u00e1nime en el Comit\u00e9 Central Confederal, el m\u00e1ximo \u00f3rgano ejecutivo de la CGT, y del que participaron las regionales de toda la Argentina.<\/p>\n<p>Se trata de la primera medida de fuerza que el organismo gremial llevar\u00e1 a cabo en casi cinco a\u00f1os, ya que la \u00faltima huelga de la central obrera peronista fue el 29 de mayo de 2019, la quinta que activaron durante la gesti\u00f3n de Mauricio Macri.<\/p>\n<p>C\u00f3mo funcionar\u00e1 el transporte:<\/p>\n<p>El cese de actividades comenzar\u00e1 al mediod\u00eda, pero el funcionamiento del transporte de pasajeros tendr\u00e1 una din\u00e1mica especial, tal como lo dispusieron el gremio de los colectiveros de la UTA y los cuatro sindicatos ferroviarios.<\/p>\n<p>Para garantizar el traslado de los manifestantes hacia Plaza Congreso, el servicio se prestar\u00e1 hasta las 19 y se reanudar\u00e1 con normalidad a partir de la 0 del jueves 25.<\/p>\n<p>La misma situaci\u00f3n se dar\u00e1 en las l\u00edneas de subte (la l\u00ednea D permanece cerrada hasta marzo por obras), que no funcionar\u00e1n desde las 19 del mi\u00e9rcoles hasta el final del d\u00eda.<\/p>\n<p>Respecto a Aeroparque, teniendo en la temporada de vuelos por vacaciones y partiendo de la base de que un solo gremio que adhiera puede complicar la operatoria en su totalidad, desde Aeropuertos Argentina 2000 dijeron a <em>Clar\u00edn<\/em> que \u201ctodo depende de las l\u00edneas a\u00e9reas\u201d y que \u201clos aeropuertos estar\u00e1n operativos\u201d.<\/p>\n<p>Con respecto a los gremios del sector aeron\u00e1utico, anunciaron que se plegar\u00e1n a la protesta, cuesti\u00f3n que afectar\u00e1 la operativa de vuelos y aeropuertos a nivel nacional, m\u00e1s all\u00e1 que desde Aeropuertos Argentina 2000 indicaron que \u201clos aeropuertos estar\u00e1n operativos y funcionando\u201d.<\/p>\n<p>La Asociaci\u00f3n del Personal T\u00e9cnico Aeron\u00e1utico (APTA) anunci\u00f3 que \u201c<strong>paralizar\u00e1 sus tareas desde las 12 hs hasta las 24 hs<\/strong>\u201d y convoc\u00f3 a los trabajadores a la movilizaci\u00f3n. Tambi\u00e9n la Asociaci\u00f3n del Personal Aeron\u00e1utico (APA) adhiri\u00f3. Por eso, <strong>las compa\u00f1\u00edas empezaron a cancelar o reprogramar vuelos<\/strong>.<\/p>\n<p>Los servicios que se ver\u00e1n afectados:<\/p>\n<p>Los <strong>bancos atender\u00e1n al p\u00fablico hasta las 12<\/strong>, a diferencia de lo habitual que en temporada de verano en la provincia de Buenos Aires es hasta las 13. Esto es as\u00ed porque la Asociaci\u00f3n Bancaria, el gremio que nuclea a estos trabajadores, manifest\u00f3 su adhesi\u00f3n al paro e inst\u00f3 a que los afiliados asistan a la protesta en el Congreso.<\/p>\n<p>Aunque Armando Cavalieri confirm\u00f3 que la Federaci\u00f3n de Empleados de Comercio, el gremio con m\u00e1s afiliados de la Argentina, se sumar\u00e1 al paro, el mi\u00e9rcoles <strong>se estima que los supermercados permanecer\u00e1n abiertos<\/strong>, aunque tal vez con menos personal.<\/p>\n<p>En lo que respecta a la <strong>recolecci\u00f3n de residuos no habr\u00e1 desde las 12<\/strong>. A partir de esa hora tampoco seguir\u00e1 el reparto de correo postal de las empresas privadas. En Correo Argentino, dependiente del Estado, habr\u00e1 tareas parciales.<\/p>\n<p>Tambi\u00e9n en territorio bonaerense se ver\u00e1 afectada la atenci\u00f3n en los hospitales p\u00fablicos, ya que el <strong>gremio Cicop llam\u00f3 a movilizarse en contra de la ley<\/strong> impulsada por Milei.<\/p>\n<p>Qui\u00e9nes participan del paro:<\/p>\n<p>La protesta incluir\u00e1 una movilizaci\u00f3n al Congreso, donde se prev\u00e9 que hablen los triunviros de la CGT: H\u00e9ctor Daer (Asociaci\u00f3n de los Trabajadores de la Sanidad Argentina), Carlos Acu\u00f1a (Sindicato de Obreros y Empleados de Estaciones de Servicio) y Pablo Moyano (Sindicato de Camioneros).<\/p>\n<p>Se sum\u00f3 la CATT (Confederaci\u00f3n Argentina de Trabajadores del Transporte), que nuclea a los gremios de <strong>Uni\u00f3n Ferroviaria, la Uni\u00f3n Tranviarios Automotor (UTA), Taxis, Camioneros, Dragado y Balizamiento, Vialidad, peajes y aeron\u00e1uticos<\/strong>, por lo que afectar\u00e1 al servicio terrestre y a\u00e9reo en todo el pa\u00eds.<\/p>\n<p>El gremio de los <strong>Metrodelegados<\/strong>, integrado por los trabajadores del subte de la Capital Federal, comunicaron su adhesi\u00f3n al paro, pero no dieron todav\u00eda precisiones acerca de c\u00f3mo ser\u00e1 su impacto en el servicio.<\/p>\n<p>Tambi\u00e9n ser\u00e1 parte de la protesta los gremios de trabajadores estatales, <strong>ATE (Asociaci\u00f3n de Trabajadores del Estado) y UPCN (Uni\u00f3n de Personal Civil de la Naci\u00f3n)<\/strong>. En el caso de ATE, la medida de fuerza ser\u00e1 de 24 horas y empezar\u00e1 desde la 0 hora del d\u00eda mi\u00e9rcoles.<\/p>\n<p>Cabe destacar que el Gobierno nacional descontar\u00eda el d\u00eda a los empleados del Estado que adhieran a la manifestaci\u00f3n, pero esto no ocurrir\u00e1 con los trabajadores estatales de la provincia de Buenos Aires, cuyo gobernador, Axel Kicillof, anunci\u00f3 que respetar\u00e1 el derecho a huelga al no descontar la jornada de paro.<\/p>\n<p>La Mesa Nacional de la Central de los Trabajadores de la Argentina Aut\u00f3noma (CTAA), integrada en parte por ATE, ratific\u00f3 asimismo que estar\u00e1 en la marcha con su poder de movilizaci\u00f3n.<\/p>\n<p>De esta forma, se suman distintos gremios adem\u00e1s del de estatales, entre los que est\u00e1n el SITraLab (Sindicato de Trabajadores de Laboratorios), el SUOR (Sindicato \u00danico de Obreros Rurales), el SOESGYPE (Sindicato de Obreros y Empleados de Estaciones de Servicio, GNC, Playa de Estacionamiento), el CISPREN (C\u00edrculo Sindical de Prensa) y el FESPROSA (Federaci\u00f3n Sindical de Profesionales de la Salud de la Rep\u00fablica Argentina), entre muchos otros. <strong>(VW)<\/strong><\/p>\n","protected":false},"excerpt":{"rendered":"<p>La medida de fuerza arranca a las 12 y habr\u00e1 movilizaci\u00f3n al Congreso. C\u00f3mo impactar\u00e1 la protesta de gremios y trabajadores.<\/p>\n","protected":false},"author":4,"featured_media":1480,"comment_status":"closed","ping_status":"closed","sticky":false,"template":"","format":"standard","meta":{"_monsterinsights_skip_tracking":false,"_monsterinsights_sitenote_active":false,"_monsterinsights_sitenote_note":"","_monsterinsights_sitenote_category":0,"footnotes":""},"categories":[4],"tags":[2032,5468,5469,4841],"class_list":["post-13396","post","type-post","status-publish","format-standard","has-post-thumbnail","hentry","category-politica","tag-cgt","tag-daer","tag-paro-del-24-de-enero","tag-transportes"],"_links":{"self":[{"href":"https:\/\/www.visionweb.com.ar\/index.php?rest_route=\/wp\/v2\/posts\/13396","targetHints":{"allow":["GET"]}}],"collection":[{"href":"https:\/\/www.visionweb.com.ar\/index.php?rest_route=\/wp\/v2\/posts"}],"about":[{"href":"https:\/\/www.visionweb.com.ar\/index.php?rest_route=\/wp\/v2\/types\/post"}],"author":[{"embeddable":true,"href":"https:\/\/www.visionweb.com.ar\/index.php?rest_route=\/wp\/v2\/users\/4"}],"replies":[{"embeddable":true,"href":"https:\/\/www.visionweb.com.ar\/index.php?rest_route=%2Fwp%2Fv2%2Fcomments&post=13396"}],"version-history":[{"count":3,"href":"https:\/\/www.visionweb.com.ar\/index.php?rest_route=\/wp\/v2\/posts\/13396\/revisions"}],"predecessor-version":[{"id":13399,"href":"https:\/\/www.visionweb.com.ar\/index.php?rest_route=\/wp\/v2\/posts\/13396\/revisions\/13399"}],"wp:featuredmedia":[{"embeddable":true,"href":"https:\/\/www.visionweb.com.ar\/index.php?rest_route=\/wp\/v2\/media\/1480"}],"wp:attachment":[{"href":"https:\/\/www.visionweb.com.ar\/index.php?rest_route=%2Fwp%2Fv2%2Fmedia&parent=13396"}],"wp:term":[{"taxonomy":"category","embeddable":true,"href":"https:\/\/www.visionweb.com.ar\/index.php?rest_route=%2Fwp%2Fv2%2Fcategories&post=13396"},{"taxonomy":"post_tag","embeddable":true,"href":"https:\/\/www.visionweb.com.ar\/index.php?rest_route=%2Fwp%2Fv2%2Ftags&post=13396"}],"curies":[{"name":"wp","href":"https:\/\/api.w.org\/{rel}","templated":true}]}}